{"id":9891,"date":"2019-11-08T16:27:00","date_gmt":"2019-11-08T19:27:00","guid":{"rendered":"https:\/\/saloanoticias.com\/v1\/?p=9891"},"modified":"2019-11-08T16:34:43","modified_gmt":"2019-11-08T19:34:43","slug":"missa-de-30o-dia-em-memoria-de-preta-de-luizinha-acontece-neste-sabado-30","status":"publish","type":"post","link":"https:\/\/www.saloanoticias.com\/v1\/missa-de-30o-dia-em-memoria-de-preta-de-luizinha-acontece-neste-sabado-30\/","title":{"rendered":"MISSA DE 30\u00ba DIA EM MEM\u00d3RIA DE PRETA DE LUIZINHA ACONTECE NESTE S\u00c1BADO (30)"},"content":{"rendered":"\n<div class=\"wp-block-image\"><figure class=\"aligncenter\"><img loading=\"lazy\" decoding=\"async\" width=\"850\" height=\"709\" src=\"https:\/\/saloanoticias.com\/v1\/wp-content\/uploads\/2019\/11\/IMG-20191105-WA0028.jpg\" alt=\"\" class=\"wp-image-9892\" srcset=\"https:\/\/www.saloanoticias.com\/v1\/wp-content\/uploads\/2019\/11\/IMG-20191105-WA0028.jpg 850w, https:\/\/www.saloanoticias.com\/v1\/wp-content\/uploads\/2019\/11\/IMG-20191105-WA0028-300x250.jpg 300w, https:\/\/www.saloanoticias.com\/v1\/wp-content\/uploads\/2019\/11\/IMG-20191105-WA0028-768x641.jpg 768w\" sizes=\"auto, (max-width: 850px) 100vw, 850px\" \/><\/figure><\/div>\n\n\n\n<p>O esposo, filhos, m\u00e3e, irm\u00e3os e sobrinhos, convidam os parentes e amigos, para participarem da missa de 30\u00ba dia que mandam celebrar em mem\u00f3ria de alma de Maria Pereira de Freitas Campos (Preta de Luizinha), que ser\u00e1 celebrada neste s\u00e1bado, dia 9 de novembro de 2019, \u00e0s 16h, no Sal\u00e3o Paroquial da Igreja S\u00e3o Vicente de Paulo na cidade de Salo\u00e1\/PE. A fam\u00edlia agradece a todos que comparecerem a este ato de f\u00e9 e irmandade crist\u00e3. \u201cSe pela for\u00e7a da dist\u00e2ncia tu te ausentas, pelo poder que h\u00e1 na saudade, voltar\u00e1s!\u201d<\/p>\n<div style=\"margin-top: 0px; margin-bottom: 0px;\" class=\"sharethis-inline-share-buttons\" ><\/div>","protected":false},"excerpt":{"rendered":"<p>O esposo, filhos, m\u00e3e, irm\u00e3os e sobrinhos, convidam os parentes e amigos, para participarem da missa de 30\u00ba dia que mandam celebrar em mem\u00f3ria de alma de Maria Pereira de Freitas Campos (Preta de Luizinha), que ser\u00e1 celebrada neste s\u00e1bado, dia 9 de novembro de 2019, \u00e0s 16h, no Sal\u00e3o Paroquial da Igreja S\u00e3o Vicente [&hellip;]<\/p>\n","protected":false},"author":2,"featured_media":9894,"comment_status":"open","ping_status":"open","sticky":false,"template":"","format":"standard","meta":{"footnotes":""},"categories":[2],"tags":[],"class_list":["post-9891","post","type-post","status-publish","format-standard","has-post-thumbnail","hentry","category-noticias-do-dia"],"_links":{"self":[{"href":"https:\/\/www.saloanoticias.com\/v1\/wp-json\/wp\/v2\/posts\/9891","targetHints":{"allow":["GET"]}}],"collection":[{"href":"https:\/\/www.saloanoticias.com\/v1\/wp-json\/wp\/v2\/posts"}],"about":[{"href":"https:\/\/www.saloanoticias.com\/v1\/wp-json\/wp\/v2\/types\/post"}],"author":[{"embeddable":true,"href":"https:\/\/www.saloanoticias.com\/v1\/wp-json\/wp\/v2\/users\/2"}],"replies":[{"embeddable":true,"href":"https:\/\/www.saloanoticias.com\/v1\/wp-json\/wp\/v2\/comments?post=9891"}],"version-history":[{"count":3,"href":"https:\/\/www.saloanoticias.com\/v1\/wp-json\/wp\/v2\/posts\/9891\/revisions"}],"predecessor-version":[{"id":9896,"href":"https:\/\/www.saloanoticias.com\/v1\/wp-json\/wp\/v2\/posts\/9891\/revisions\/9896"}],"wp:featuredmedia":[{"embeddable":true,"href":"https:\/\/www.saloanoticias.com\/v1\/wp-json\/wp\/v2\/media\/9894"}],"wp:attachment":[{"href":"https:\/\/www.saloanoticias.com\/v1\/wp-json\/wp\/v2\/media?parent=9891"}],"wp:term":[{"taxonomy":"category","embeddable":true,"href":"https:\/\/www.saloanoticias.com\/v1\/wp-json\/wp\/v2\/categories?post=9891"},{"taxonomy":"post_tag","embeddable":true,"href":"https:\/\/www.saloanoticias.com\/v1\/wp-json\/wp\/v2\/tags?post=9891"}],"curies":[{"name":"wp","href":"https:\/\/api.w.org\/{rel}","templated":true}]}}