{"id":9811,"date":"2019-10-31T11:54:29","date_gmt":"2019-10-31T14:54:29","guid":{"rendered":"https:\/\/saloanoticias.com\/v1\/?p=9811"},"modified":"2019-10-31T11:58:13","modified_gmt":"2019-10-31T14:58:13","slug":"ieadpe-em-saloa-realiza-o-9o-aniversario-do-conjunto-renascer-no-domingo-3","status":"publish","type":"post","link":"https:\/\/www.saloanoticias.com\/v1\/ieadpe-em-saloa-realiza-o-9o-aniversario-do-conjunto-renascer-no-domingo-3\/","title":{"rendered":"IEADPE EM SALO\u00c1 REALIZA O 9\u00ba ANIVERS\u00c1RIO DO CONJUNTO RENASCER NO DOMINGO (3)"},"content":{"rendered":"\n<figure class=\"wp-block-image\"><img loading=\"lazy\" decoding=\"async\" width=\"723\" height=\"1024\" src=\"https:\/\/saloanoticias.com\/v1\/wp-content\/uploads\/2019\/10\/WhatsApp-Image-2019-10-29-at-22.03.33-723x1024.jpeg\" alt=\"\" class=\"wp-image-9812\" srcset=\"https:\/\/www.saloanoticias.com\/v1\/wp-content\/uploads\/2019\/10\/WhatsApp-Image-2019-10-29-at-22.03.33-723x1024.jpeg 723w, https:\/\/www.saloanoticias.com\/v1\/wp-content\/uploads\/2019\/10\/WhatsApp-Image-2019-10-29-at-22.03.33-212x300.jpeg 212w, https:\/\/www.saloanoticias.com\/v1\/wp-content\/uploads\/2019\/10\/WhatsApp-Image-2019-10-29-at-22.03.33-768x1087.jpeg 768w, https:\/\/www.saloanoticias.com\/v1\/wp-content\/uploads\/2019\/10\/WhatsApp-Image-2019-10-29-at-22.03.33.jpeg 904w\" sizes=\"auto, (max-width: 723px) 100vw, 723px\" \/><\/figure>\n\n\n\n<p>Acontecer\u00e1 no\npr\u00f3ximo domingo, dia 3 de novembro de 2019, \u00e0s 19:30 horas no templo sede da\nIEAD\/PE em Salo\u00e1 \u2013 Igreja Evang\u00e9lica Assembleia de Deus \u2013 o 9\u00ba Anivers\u00e1rio do Conjunto\nRenascer, grupo que tem louvado e engrandecido o nome do Senhor Jesus na\nreferida Igreja.&nbsp;Espera-se uma grande quantidade de pessoas nas\ncomemora\u00e7\u00f5es desta data t\u00e3o especial para os componentes do grupo. A\nprograma\u00e7\u00e3o conta com a presen\u00e7a de cantores e pregador especialmente\nconvidados.<\/p>\n\n\n\n<p>Este ano o\ntema da festa \u00e9: Porque desde a antiguidade n\u00e3o se ouviu, nem com ouvidos se\npercebeu, nem com os olhos se viu um Deus al\u00e9m de ti que trabalha aqueles que\nNele espera\u201d- Isa\u00edas 64.4. Foram convidados v\u00e1rios \u00f3rg\u00e3os de igrejas da regi\u00e3o\npara juntos adorarem o nome do Senhor Jesus. A Igreja Assembleia de Deus tem a\npresid\u00eancia do Pastor Ailton Jos\u00e9 Alves que sempre est\u00e1 apoiando as\nfestividades relacionadas com a igreja local. A AD em Salo\u00e1 fica localizada na\nRua Rold\u00e3o Ten\u00f3rio Cavalcante, n. 100, no centro de Salo\u00e1 e tem a gest\u00e3o do\npastor Regotier Martins.<\/p>\n<div style=\"margin-top: 0px; margin-bottom: 0px;\" class=\"sharethis-inline-share-buttons\" ><\/div>","protected":false},"excerpt":{"rendered":"<p>Acontecer\u00e1 no pr\u00f3ximo domingo, dia 3 de novembro de 2019, \u00e0s 19:30 horas no templo sede da IEAD\/PE em Salo\u00e1 \u2013 Igreja Evang\u00e9lica Assembleia de Deus \u2013 o 9\u00ba Anivers\u00e1rio do Conjunto Renascer, grupo que tem louvado e engrandecido o nome do Senhor Jesus na referida Igreja.&nbsp;Espera-se uma grande quantidade de pessoas nas comemora\u00e7\u00f5es desta [&hellip;]<\/p>\n","protected":false},"author":2,"featured_media":9815,"comment_status":"open","ping_status":"open","sticky":false,"template":"","format":"standard","meta":{"footnotes":""},"categories":[2],"tags":[],"class_list":["post-9811","post","type-post","status-publish","format-standard","has-post-thumbnail","hentry","category-noticias-do-dia"],"_links":{"self":[{"href":"https:\/\/www.saloanoticias.com\/v1\/wp-json\/wp\/v2\/posts\/9811","targetHints":{"allow":["GET"]}}],"collection":[{"href":"https:\/\/www.saloanoticias.com\/v1\/wp-json\/wp\/v2\/posts"}],"about":[{"href":"https:\/\/www.saloanoticias.com\/v1\/wp-json\/wp\/v2\/types\/post"}],"author":[{"embeddable":true,"href":"https:\/\/www.saloanoticias.com\/v1\/wp-json\/wp\/v2\/users\/2"}],"replies":[{"embeddable":true,"href":"https:\/\/www.saloanoticias.com\/v1\/wp-json\/wp\/v2\/comments?post=9811"}],"version-history":[{"count":1,"href":"https:\/\/www.saloanoticias.com\/v1\/wp-json\/wp\/v2\/posts\/9811\/revisions"}],"predecessor-version":[{"id":9813,"href":"https:\/\/www.saloanoticias.com\/v1\/wp-json\/wp\/v2\/posts\/9811\/revisions\/9813"}],"wp:featuredmedia":[{"embeddable":true,"href":"https:\/\/www.saloanoticias.com\/v1\/wp-json\/wp\/v2\/media\/9815"}],"wp:attachment":[{"href":"https:\/\/www.saloanoticias.com\/v1\/wp-json\/wp\/v2\/media?parent=9811"}],"wp:term":[{"taxonomy":"category","embeddable":true,"href":"https:\/\/www.saloanoticias.com\/v1\/wp-json\/wp\/v2\/categories?post=9811"},{"taxonomy":"post_tag","embeddable":true,"href":"https:\/\/www.saloanoticias.com\/v1\/wp-json\/wp\/v2\/tags?post=9811"}],"curies":[{"name":"wp","href":"https:\/\/api.w.org\/{rel}","templated":true}]}}