{"id":9804,"date":"2019-10-31T10:37:48","date_gmt":"2019-10-31T13:37:48","guid":{"rendered":"https:\/\/saloanoticias.com\/v1\/?p=9804"},"modified":"2019-10-31T11:27:34","modified_gmt":"2019-10-31T14:27:34","slug":"com-a-presenca-de-danilo-cabral-e-mendonca-ricardo-alves-anunciara-inicio-de-obras-em-saloa","status":"publish","type":"post","link":"https:\/\/www.saloanoticias.com\/v1\/com-a-presenca-de-danilo-cabral-e-mendonca-ricardo-alves-anunciara-inicio-de-obras-em-saloa\/","title":{"rendered":"COM DANILO E MENDON\u00c7A, RICARDO ASSINA ORDEM DE SERVI\u00c7O DE OBRAS EM SALO\u00c1"},"content":{"rendered":"\n<figure class=\"wp-block-image\"><img loading=\"lazy\" decoding=\"async\" width=\"1024\" height=\"629\" src=\"https:\/\/saloanoticias.com\/v1\/wp-content\/uploads\/2019\/10\/Com-Ricardo-Alves2-1024x629.jpg\" alt=\"\" class=\"wp-image-9677\" srcset=\"https:\/\/www.saloanoticias.com\/v1\/wp-content\/uploads\/2019\/10\/Com-Ricardo-Alves2-1024x629.jpg 1024w, https:\/\/www.saloanoticias.com\/v1\/wp-content\/uploads\/2019\/10\/Com-Ricardo-Alves2-300x184.jpg 300w, https:\/\/www.saloanoticias.com\/v1\/wp-content\/uploads\/2019\/10\/Com-Ricardo-Alves2-768x472.jpg 768w, https:\/\/www.saloanoticias.com\/v1\/wp-content\/uploads\/2019\/10\/Com-Ricardo-Alves2.jpg 1531w\" sizes=\"auto, (max-width: 1024px) 100vw, 1024px\" \/><\/figure>\n\n\n\n<p>O prefeito Ricardo Alves (MDB), receber\u00e1 na tarde desta sexta-feira (1), no Audit\u00f3rio da Escola S\u00e3o Vicente, o deputado federal Danilo Cabral, o ex-ministro da educa\u00e7\u00e3o, Mendon\u00e7a Filho, vereadores, secret\u00e1rios, demais autoridades e a popula\u00e7\u00e3o em geral, para anunciar novas a\u00e7\u00f5es do governo municipal e a assinatura da ordem de servi\u00e7o da obra de amplia\u00e7\u00e3o e reforma da Escola Municipal S\u00e3o Vicente.<\/p>\n\n\n\n<figure class=\"wp-block-image\"><img loading=\"lazy\" decoding=\"async\" width=\"1017\" height=\"483\" src=\"https:\/\/saloanoticias.com\/v1\/wp-content\/uploads\/2019\/07\/mendonca-filho-ricardo-saloa-1024x586-1.jpg\" alt=\"\" class=\"wp-image-8741\" srcset=\"https:\/\/www.saloanoticias.com\/v1\/wp-content\/uploads\/2019\/07\/mendonca-filho-ricardo-saloa-1024x586-1.jpg 1017w, https:\/\/www.saloanoticias.com\/v1\/wp-content\/uploads\/2019\/07\/mendonca-filho-ricardo-saloa-1024x586-1-300x142.jpg 300w, https:\/\/www.saloanoticias.com\/v1\/wp-content\/uploads\/2019\/07\/mendonca-filho-ricardo-saloa-1024x586-1-768x365.jpg 768w\" sizes=\"auto, (max-width: 1017px) 100vw, 1017px\" \/><\/figure>\n\n\n\n<p>O evento que acontece amanh\u00e3 (1\/11), ter\u00e1 in\u00edcio \u00e0s 15h e deve movimentar o Munic\u00edpio. Educa\u00e7\u00e3o sempre foi uma constante no governo do emedebista que vem recebendo o reconhecimento e elogio de v\u00e1rios \u00f3rg\u00e3os das institui\u00e7\u00f5es estaduais e federais pelo excelente desempenho alcan\u00e7ado ao longo dos anos de sua gest\u00e3o. Esta semana, o Munic\u00edpio foi reconhecido pela ONG Liberdade Pernambuco como sendo o 2\u00ba melhor em educa\u00e7\u00e3o no Estado. Pensando nisso, Ricardo far\u00e1 mais um grande investimento na \u00e1rea com a t\u00e3o esperada reforma e amplia\u00e7\u00e3o desta que \u00e9 a escola mais importante da cidade. Depois das formalidades do encontro, ser\u00e1 servido um coquetel aos presentes.<\/p>\n<div style=\"margin-top: 0px; margin-bottom: 0px;\" class=\"sharethis-inline-share-buttons\" ><\/div>","protected":false},"excerpt":{"rendered":"<p>O prefeito Ricardo Alves (MDB), receber\u00e1 na tarde desta sexta-feira (1), no Audit\u00f3rio da Escola S\u00e3o Vicente, o deputado federal Danilo Cabral, o ex-ministro da educa\u00e7\u00e3o, Mendon\u00e7a Filho, vereadores, secret\u00e1rios, demais autoridades e a popula\u00e7\u00e3o em geral, para anunciar novas a\u00e7\u00f5es do governo municipal e a assinatura da ordem de servi\u00e7o da obra de amplia\u00e7\u00e3o [&hellip;]<\/p>\n","protected":false},"author":2,"featured_media":9677,"comment_status":"open","ping_status":"open","sticky":false,"template":"","format":"standard","meta":{"footnotes":""},"categories":[2],"tags":[],"class_list":["post-9804","post","type-post","status-publish","format-standard","has-post-thumbnail","hentry","category-noticias-do-dia"],"_links":{"self":[{"href":"https:\/\/www.saloanoticias.com\/v1\/wp-json\/wp\/v2\/posts\/9804","targetHints":{"allow":["GET"]}}],"collection":[{"href":"https:\/\/www.saloanoticias.com\/v1\/wp-json\/wp\/v2\/posts"}],"about":[{"href":"https:\/\/www.saloanoticias.com\/v1\/wp-json\/wp\/v2\/types\/post"}],"author":[{"embeddable":true,"href":"https:\/\/www.saloanoticias.com\/v1\/wp-json\/wp\/v2\/users\/2"}],"replies":[{"embeddable":true,"href":"https:\/\/www.saloanoticias.com\/v1\/wp-json\/wp\/v2\/comments?post=9804"}],"version-history":[{"count":5,"href":"https:\/\/www.saloanoticias.com\/v1\/wp-json\/wp\/v2\/posts\/9804\/revisions"}],"predecessor-version":[{"id":9810,"href":"https:\/\/www.saloanoticias.com\/v1\/wp-json\/wp\/v2\/posts\/9804\/revisions\/9810"}],"wp:featuredmedia":[{"embeddable":true,"href":"https:\/\/www.saloanoticias.com\/v1\/wp-json\/wp\/v2\/media\/9677"}],"wp:attachment":[{"href":"https:\/\/www.saloanoticias.com\/v1\/wp-json\/wp\/v2\/media?parent=9804"}],"wp:term":[{"taxonomy":"category","embeddable":true,"href":"https:\/\/www.saloanoticias.com\/v1\/wp-json\/wp\/v2\/categories?post=9804"},{"taxonomy":"post_tag","embeddable":true,"href":"https:\/\/www.saloanoticias.com\/v1\/wp-json\/wp\/v2\/tags?post=9804"}],"curies":[{"name":"wp","href":"https:\/\/api.w.org\/{rel}","templated":true}]}}