{"id":9026,"date":"2019-08-15T20:16:27","date_gmt":"2019-08-15T20:16:27","guid":{"rendered":"https:\/\/saloanoticias.com\/v1\/?p=9026"},"modified":"2019-08-15T20:23:16","modified_gmt":"2019-08-15T20:23:16","slug":"rose-e-carla-do-sindicato-participam-de-marcha-das-margaridas-em-brasilia","status":"publish","type":"post","link":"https:\/\/www.saloanoticias.com\/v1\/rose-e-carla-do-sindicato-participam-de-marcha-das-margaridas-em-brasilia\/","title":{"rendered":"ROSE E CARLA DO SINDICATO PARTICIPAM DE MARCHA DAS MARGARIDAS EM BRAS\u00cdLIA"},"content":{"rendered":"<p><img loading=\"lazy\" decoding=\"async\" width=\"1280\" height=\"720\" class=\"aligncenter size-full wp-image-9027\" src=\"https:\/\/saloanoticias.com\/v1\/wp-content\/uploads\/2019\/08\/WhatsApp-Image-2019-08-15-at-15.40.57.jpeg\" alt=\"\" srcset=\"https:\/\/www.saloanoticias.com\/v1\/wp-content\/uploads\/2019\/08\/WhatsApp-Image-2019-08-15-at-15.40.57.jpeg 1280w, https:\/\/www.saloanoticias.com\/v1\/wp-content\/uploads\/2019\/08\/WhatsApp-Image-2019-08-15-at-15.40.57-300x169.jpeg 300w, https:\/\/www.saloanoticias.com\/v1\/wp-content\/uploads\/2019\/08\/WhatsApp-Image-2019-08-15-at-15.40.57-1024x576.jpeg 1024w, https:\/\/www.saloanoticias.com\/v1\/wp-content\/uploads\/2019\/08\/WhatsApp-Image-2019-08-15-at-15.40.57-768x432.jpeg 768w\" sizes=\"auto, (max-width: 1280px) 100vw, 1280px\" \/>As ruas da capital federal foram tomadas na manh\u00e3 desta quarta-feira (14) por 100 mil margaridas de todo o pa\u00eds que marcharam em dire\u00e7\u00e3o ao centro do poder, na Esplanada dos Minist\u00e9rios, para denunciar os cortes nas pol\u00edticas sociais, a contamina\u00e7\u00e3o dos bens comuns, o aumento do veneno na produ\u00e7\u00e3o e todas as formas de viol\u00eancia contra as mulheres. As sindicalistas Rose e Carla que fazem parte da diretoria do Sindicato dos Trabalhadores Rurais de Salo\u00e1 participaram do evento. Durante os mais de 4 km, as margaridas dialogaram com as popula\u00e7\u00e3o, cantaram, entoaram gritos de ordem com muita garra, anima\u00e7\u00e3o e consci\u00eancia pol\u00edtica. Pernambuco foi a segunda ala com mais de duas mil pessoas vindas de 19 cidades de todo o Estado.<\/p>\n<p><img loading=\"lazy\" decoding=\"async\" class=\"aligncenter wp-image-9028\" src=\"https:\/\/saloanoticias.com\/v1\/wp-content\/uploads\/2019\/08\/WhatsApp-Image-2019-08-15-at-15.40.56.jpeg\" alt=\"\" width=\"1185\" height=\"790\" srcset=\"https:\/\/www.saloanoticias.com\/v1\/wp-content\/uploads\/2019\/08\/WhatsApp-Image-2019-08-15-at-15.40.56.jpeg 1079w, https:\/\/www.saloanoticias.com\/v1\/wp-content\/uploads\/2019\/08\/WhatsApp-Image-2019-08-15-at-15.40.56-300x200.jpeg 300w, https:\/\/www.saloanoticias.com\/v1\/wp-content\/uploads\/2019\/08\/WhatsApp-Image-2019-08-15-at-15.40.56-1024x683.jpeg 1024w, https:\/\/www.saloanoticias.com\/v1\/wp-content\/uploads\/2019\/08\/WhatsApp-Image-2019-08-15-at-15.40.56-768x512.jpeg 768w\" sizes=\"auto, (max-width: 1185px) 100vw, 1185px\" \/><\/p>\n<p>Como a jovem Tiene Oliveira, da zona rural do s\u00edtio Pimenteira, no munic\u00edpio de Arcoverde, que\u00a0 durante todo percurso carregou uma faixa escrito: \u201cFilhas e netas de\u00a0 Margaridas por uma educa\u00e7\u00e3o p\u00fablica, gratuita e de qualidade no Semi\u00e1rido\u201d. Em frente \u00e0 Esplanada dos Minist\u00e9rios, um dos momentos mais marcantes da Marcha. A leitura da carta do presidente Lula \u00e0 Marcha das Margaridas, que foi lida pelo professor Fernando Haddad.<\/p>\n<p><img loading=\"lazy\" decoding=\"async\" width=\"1152\" height=\"648\" class=\"aligncenter size-full wp-image-9029\" src=\"https:\/\/saloanoticias.com\/v1\/wp-content\/uploads\/2019\/08\/WhatsApp-Image-2019-08-15-at-15.51.09.jpeg\" alt=\"\" srcset=\"https:\/\/www.saloanoticias.com\/v1\/wp-content\/uploads\/2019\/08\/WhatsApp-Image-2019-08-15-at-15.51.09.jpeg 1152w, https:\/\/www.saloanoticias.com\/v1\/wp-content\/uploads\/2019\/08\/WhatsApp-Image-2019-08-15-at-15.51.09-300x169.jpeg 300w, https:\/\/www.saloanoticias.com\/v1\/wp-content\/uploads\/2019\/08\/WhatsApp-Image-2019-08-15-at-15.51.09-1024x576.jpeg 1024w, https:\/\/www.saloanoticias.com\/v1\/wp-content\/uploads\/2019\/08\/WhatsApp-Image-2019-08-15-at-15.51.09-768x432.jpeg 768w\" sizes=\"auto, (max-width: 1152px) 100vw, 1152px\" \/><\/p>\n<p>\u201cFiquei muito feliz em receber a carta das Margaridas e saber que a Marcha das Margaridas segue forte nas luta por mais direitos e por um Brasil mais justo para as Mulheres do campo, das \u00e1guas e das florestas\u201d, diz um trecho da carta. \u201cQuero muito cumprimentar a coragem verdadeira dessa marcha que leva as mulheres do campo para verem e serem vistas pelos poderosos de Bras\u00edlia. Olhem bem para eles e que eles enxerguem o nosso povo, a quem devem respeito, para quem deviam trabalhar\u201d, disse Lula em outra parte da carta. Ap\u00f3s o encerramento, os Estados retornaram aos seus estados na certeza de dever cumprido e de que seguiremos em Marcha at\u00e9 que todas sejamos livres.<\/p>\n<p><img loading=\"lazy\" decoding=\"async\" width=\"1152\" height=\"648\" class=\"aligncenter size-full wp-image-9031\" src=\"https:\/\/saloanoticias.com\/v1\/wp-content\/uploads\/2019\/08\/WhatsApp-Image-2019-08-15-at-15.50.02.jpeg\" alt=\"\" srcset=\"https:\/\/www.saloanoticias.com\/v1\/wp-content\/uploads\/2019\/08\/WhatsApp-Image-2019-08-15-at-15.50.02.jpeg 1152w, https:\/\/www.saloanoticias.com\/v1\/wp-content\/uploads\/2019\/08\/WhatsApp-Image-2019-08-15-at-15.50.02-300x169.jpeg 300w, https:\/\/www.saloanoticias.com\/v1\/wp-content\/uploads\/2019\/08\/WhatsApp-Image-2019-08-15-at-15.50.02-1024x576.jpeg 1024w, https:\/\/www.saloanoticias.com\/v1\/wp-content\/uploads\/2019\/08\/WhatsApp-Image-2019-08-15-at-15.50.02-768x432.jpeg 768w\" sizes=\"auto, (max-width: 1152px) 100vw, 1152px\" \/><\/p>\n<p><img loading=\"lazy\" decoding=\"async\" width=\"1152\" height=\"648\" class=\"aligncenter size-full wp-image-9030\" src=\"https:\/\/saloanoticias.com\/v1\/wp-content\/uploads\/2019\/08\/WhatsApp-Image-2019-08-15-at-15.51.08.jpeg\" alt=\"\" srcset=\"https:\/\/www.saloanoticias.com\/v1\/wp-content\/uploads\/2019\/08\/WhatsApp-Image-2019-08-15-at-15.51.08.jpeg 1152w, https:\/\/www.saloanoticias.com\/v1\/wp-content\/uploads\/2019\/08\/WhatsApp-Image-2019-08-15-at-15.51.08-300x169.jpeg 300w, https:\/\/www.saloanoticias.com\/v1\/wp-content\/uploads\/2019\/08\/WhatsApp-Image-2019-08-15-at-15.51.08-1024x576.jpeg 1024w, https:\/\/www.saloanoticias.com\/v1\/wp-content\/uploads\/2019\/08\/WhatsApp-Image-2019-08-15-at-15.51.08-768x432.jpeg 768w\" sizes=\"auto, (max-width: 1152px) 100vw, 1152px\" \/><\/p>\n<div style=\"margin-top: 0px; margin-bottom: 0px;\" class=\"sharethis-inline-share-buttons\" ><\/div>","protected":false},"excerpt":{"rendered":"<p>As ruas da capital federal foram tomadas na manh\u00e3 desta quarta-feira (14) por 100 mil margaridas de todo o pa\u00eds que marcharam em dire\u00e7\u00e3o ao centro do poder, na Esplanada dos Minist\u00e9rios, para denunciar os cortes nas pol\u00edticas sociais, a contamina\u00e7\u00e3o dos bens comuns, o aumento do veneno na produ\u00e7\u00e3o e todas as formas de [&hellip;]<\/p>\n","protected":false},"author":2,"featured_media":9027,"comment_status":"open","ping_status":"open","sticky":false,"template":"","format":"standard","meta":{"footnotes":""},"categories":[2],"tags":[],"class_list":["post-9026","post","type-post","status-publish","format-standard","has-post-thumbnail","hentry","category-noticias-do-dia"],"_links":{"self":[{"href":"https:\/\/www.saloanoticias.com\/v1\/wp-json\/wp\/v2\/posts\/9026","targetHints":{"allow":["GET"]}}],"collection":[{"href":"https:\/\/www.saloanoticias.com\/v1\/wp-json\/wp\/v2\/posts"}],"about":[{"href":"https:\/\/www.saloanoticias.com\/v1\/wp-json\/wp\/v2\/types\/post"}],"author":[{"embeddable":true,"href":"https:\/\/www.saloanoticias.com\/v1\/wp-json\/wp\/v2\/users\/2"}],"replies":[{"embeddable":true,"href":"https:\/\/www.saloanoticias.com\/v1\/wp-json\/wp\/v2\/comments?post=9026"}],"version-history":[{"count":5,"href":"https:\/\/www.saloanoticias.com\/v1\/wp-json\/wp\/v2\/posts\/9026\/revisions"}],"predecessor-version":[{"id":9036,"href":"https:\/\/www.saloanoticias.com\/v1\/wp-json\/wp\/v2\/posts\/9026\/revisions\/9036"}],"wp:featuredmedia":[{"embeddable":true,"href":"https:\/\/www.saloanoticias.com\/v1\/wp-json\/wp\/v2\/media\/9027"}],"wp:attachment":[{"href":"https:\/\/www.saloanoticias.com\/v1\/wp-json\/wp\/v2\/media?parent=9026"}],"wp:term":[{"taxonomy":"category","embeddable":true,"href":"https:\/\/www.saloanoticias.com\/v1\/wp-json\/wp\/v2\/categories?post=9026"},{"taxonomy":"post_tag","embeddable":true,"href":"https:\/\/www.saloanoticias.com\/v1\/wp-json\/wp\/v2\/tags?post=9026"}],"curies":[{"name":"wp","href":"https:\/\/api.w.org\/{rel}","templated":true}]}}