{"id":8938,"date":"2019-08-09T14:18:53","date_gmt":"2019-08-09T14:18:53","guid":{"rendered":"https:\/\/saloanoticias.com\/v1\/?p=8938"},"modified":"2019-08-09T14:22:37","modified_gmt":"2019-08-09T14:22:37","slug":"bolsonaro-e-produto-dos-nossos-erros-diz-rodrigo-maia","status":"publish","type":"post","link":"https:\/\/www.saloanoticias.com\/v1\/bolsonaro-e-produto-dos-nossos-erros-diz-rodrigo-maia\/","title":{"rendered":"&#8220;BOLSONARO \u00c9 PRODUTO DOS NOSSOS ERROS&#8221;, DIZ RODRIGO MAIA"},"content":{"rendered":"<p><img loading=\"lazy\" decoding=\"async\" width=\"1200\" height=\"800\" class=\"aligncenter size-full wp-image-8939\" src=\"https:\/\/saloanoticias.com\/v1\/wp-content\/uploads\/2019\/08\/rodma02-1.jpg\" alt=\"\" srcset=\"https:\/\/www.saloanoticias.com\/v1\/wp-content\/uploads\/2019\/08\/rodma02-1.jpg 1200w, https:\/\/www.saloanoticias.com\/v1\/wp-content\/uploads\/2019\/08\/rodma02-1-300x200.jpg 300w, https:\/\/www.saloanoticias.com\/v1\/wp-content\/uploads\/2019\/08\/rodma02-1-1024x683.jpg 1024w, https:\/\/www.saloanoticias.com\/v1\/wp-content\/uploads\/2019\/08\/rodma02-1-768x512.jpg 768w\" sizes=\"auto, (max-width: 1200px) 100vw, 1200px\" \/>S\u00c3O PAULO &#8211; O presidente da C\u00e2mara,\u00a0<strong>Rodrigo Maia<\/strong>\u00a0(DEM-RJ), fez nesta quinta-feira (8) uma s\u00e9rie de cr\u00edticas ao presidente\u00a0<strong>Jair Bolsonaro<\/strong>, a quem se referiu como \u201cproduto dos nossos erros\u201d. O deputado tamb\u00e9m afirmou, em outro discurso, que o radicalismo das falas do presidente atrapalha a tramita\u00e7\u00e3o de projetos no\u00a0<strong>Congresso<\/strong>\u00a0:<\/p>\n<p>\u2014 Bolsonaro \u00e9 produto dos nossos erros. Onde n\u00f3s erramos? Deputado sem partido, escanteado por todos, resultado do ciclo dos \u00faltimos anos.\u00a0 \u2014 declarou o parlamentar, em um evento organizado pela Funda\u00e7\u00e3o Lemann, em S\u00e3o Paulo, do qual tamb\u00e9m participaram o deputado federal Alessandro Molon (PSB-RJ) e o governador do Maranh\u00e3o, Fl\u00e1vio Dino (PCdoB).<\/p>\n<p>\u2014 Bolsonaro era de um partido nanico. Se ele chegou onde chegou a culpa \u00e9 nossa \u2014 acrescentou o presidente da C\u00e2mara durante o evento.<\/p>\n<p>Mais cedo, Maia j\u00e1 havia dito que a forma radical do presidente de abordar temas pol\u00eamicos acaba por atrapalhar a tramita\u00e7\u00e3o dos projetos que ele pr\u00f3prio defende, uma vez que afasta o apoio de parlamentares indecisos.<\/p>\n<p>&#8211; A vocaliza\u00e7\u00e3o dos temas (da agenda de valores) de forma muito dura acaba atrapalhando a pr\u00f3pria\u00a0tramita\u00e7\u00e3o dos projetos. O radicalismo do discurso, essa vocaliza\u00e7\u00e3o mais dura, assusta alguns deputados\u00a0que poderiam estar dispostos a olhar o tema &#8211; disse Maia durante participa\u00e7\u00e3o do 2\u00ba Macro Day BTG.<\/p>\n<p>Maia afirma que, embora o governo federal tenha apoio para a sua agenda de reformas econ\u00f4mica, na pauta de valores essa maioria n\u00e3o existe.<\/p>\n<p>&#8211; Me d\u00e1 a impress\u00e3o que ele n\u00e3o tem maioria nessa agenda de valores. E claro que qualquer presidente gostaria de ter maioria em todos os temas &#8211; disse, afirmando que sua rela\u00e7\u00e3o com Bolsonaro melhorou nas \u00faltimas semanas, e que as conversas entre os dois est\u00e3o mais frequentes.<\/p>\n<p>Para ele, nem todas as pautas propostas pelo governo federal v\u00e3o avan\u00e7ar na C\u00e2mara. Como exemplo, citou as mudan\u00e7as para o porte de armas, que deve encontrar resist\u00eancia no parlamento, e as inciativas para retirar a obrigatoriedade do uso de cadeira de seguran\u00e7a para crian\u00e7as. Maia considera ainda que o projeto anticrime do ministro da Justi\u00e7a, Sergio Moro, acaba abordando v\u00e1rios temas, mas sem tratar de assuntos que s\u00e3o mais urgentes no momento.<\/p>\n<p>&#8211; Precisava ser um projeto mais forte. Uma reforma geral no sistema prisional. Isso seria uma resposta mais forte \u00e0 sociedade. O projeto do Moro \u00e9 um projeto que abrange v\u00e1rias \u00e1reas e mistura crime do colarinho branco com crime organizado &#8211; avaliou. <em>Fonte: O Globo<\/em><\/p>\n<div style=\"margin-top: 0px; margin-bottom: 0px;\" class=\"sharethis-inline-share-buttons\" ><\/div>","protected":false},"excerpt":{"rendered":"<p>S\u00c3O PAULO &#8211; O presidente da C\u00e2mara,\u00a0Rodrigo Maia\u00a0(DEM-RJ), fez nesta quinta-feira (8) uma s\u00e9rie de cr\u00edticas ao presidente\u00a0Jair Bolsonaro, a quem se referiu como \u201cproduto dos nossos erros\u201d. O deputado tamb\u00e9m afirmou, em outro discurso, que o radicalismo das falas do presidente atrapalha a tramita\u00e7\u00e3o de projetos no\u00a0Congresso\u00a0: \u2014 Bolsonaro \u00e9 produto dos nossos erros. [&hellip;]<\/p>\n","protected":false},"author":2,"featured_media":8940,"comment_status":"open","ping_status":"open","sticky":false,"template":"","format":"standard","meta":{"footnotes":""},"categories":[2],"tags":[],"class_list":["post-8938","post","type-post","status-publish","format-standard","has-post-thumbnail","hentry","category-noticias-do-dia"],"_links":{"self":[{"href":"https:\/\/www.saloanoticias.com\/v1\/wp-json\/wp\/v2\/posts\/8938","targetHints":{"allow":["GET"]}}],"collection":[{"href":"https:\/\/www.saloanoticias.com\/v1\/wp-json\/wp\/v2\/posts"}],"about":[{"href":"https:\/\/www.saloanoticias.com\/v1\/wp-json\/wp\/v2\/types\/post"}],"author":[{"embeddable":true,"href":"https:\/\/www.saloanoticias.com\/v1\/wp-json\/wp\/v2\/users\/2"}],"replies":[{"embeddable":true,"href":"https:\/\/www.saloanoticias.com\/v1\/wp-json\/wp\/v2\/comments?post=8938"}],"version-history":[{"count":4,"href":"https:\/\/www.saloanoticias.com\/v1\/wp-json\/wp\/v2\/posts\/8938\/revisions"}],"predecessor-version":[{"id":8944,"href":"https:\/\/www.saloanoticias.com\/v1\/wp-json\/wp\/v2\/posts\/8938\/revisions\/8944"}],"wp:featuredmedia":[{"embeddable":true,"href":"https:\/\/www.saloanoticias.com\/v1\/wp-json\/wp\/v2\/media\/8940"}],"wp:attachment":[{"href":"https:\/\/www.saloanoticias.com\/v1\/wp-json\/wp\/v2\/media?parent=8938"}],"wp:term":[{"taxonomy":"category","embeddable":true,"href":"https:\/\/www.saloanoticias.com\/v1\/wp-json\/wp\/v2\/categories?post=8938"},{"taxonomy":"post_tag","embeddable":true,"href":"https:\/\/www.saloanoticias.com\/v1\/wp-json\/wp\/v2\/tags?post=8938"}],"curies":[{"name":"wp","href":"https:\/\/api.w.org\/{rel}","templated":true}]}}