{"id":7671,"date":"2019-04-26T18:13:20","date_gmt":"2019-04-26T18:13:20","guid":{"rendered":"https:\/\/saloanoticias.com\/v1\/?p=7671"},"modified":"2019-04-26T18:13:20","modified_gmt":"2019-04-26T18:13:20","slug":"psb-nacional-fecha-questao-contra-reforma-da-previdencia","status":"publish","type":"post","link":"https:\/\/www.saloanoticias.com\/v1\/psb-nacional-fecha-questao-contra-reforma-da-previdencia\/","title":{"rendered":"PSB NACIONAL FECHA QUEST\u00c3O CONTRA REFORMA DA PREVID\u00caNCIA"},"content":{"rendered":"<p><img loading=\"lazy\" decoding=\"async\" class=\"aligncenter  wp-image-7672\" src=\"https:\/\/saloanoticias.com\/v1\/wp-content\/uploads\/2019\/04\/carlos-siqueira-psb-andreshalders-uol-26jul2016-868x559.png\" alt=\"\" width=\"977\" height=\"629\" srcset=\"https:\/\/www.saloanoticias.com\/v1\/wp-content\/uploads\/2019\/04\/carlos-siqueira-psb-andreshalders-uol-26jul2016-868x559.png 868w, https:\/\/www.saloanoticias.com\/v1\/wp-content\/uploads\/2019\/04\/carlos-siqueira-psb-andreshalders-uol-26jul2016-868x559-300x193.png 300w, https:\/\/www.saloanoticias.com\/v1\/wp-content\/uploads\/2019\/04\/carlos-siqueira-psb-andreshalders-uol-26jul2016-868x559-768x495.png 768w\" sizes=\"auto, (max-width: 977px) 100vw, 977px\" \/>O Partido Socialista Brasileiro (PSB)\u00a0fechou quest\u00e3o, por unanimidade, contra a atual Reforma da Previd\u00eancia &#8211; PEC 6\/2019, apresentada pelo Governo Federal, na reuni\u00e3o do Diret\u00f3rio Nacional (25), em Bras\u00edlia. O Presidente Nacional do PSB, Carlos Siqueira, falou sobre a import\u00e2ncia da decis\u00e3o. \u201cFoi essencial essa decis\u00e3o un\u00e2nime do Diret\u00f3rio Nacional do PSB de fechar quest\u00e3o contra a reforma da Previd\u00eancia Social.<\/p>\n<p>Porque de verdade trata-se de um projeto de devasta\u00e7\u00e3o social do governo Bolsonaro e um partido socialista, como o nosso, n\u00e3o pode colocar suas digitais nessa proposta de reforma\u201d, afirma. A admissibilidade da proposta foi aprovada ter\u00e7a-feira (23), na Comiss\u00e3o de Constitui\u00e7\u00e3o e Justi\u00e7a e de Cidadania (CCJC), da C\u00e2mara dos Deputados. Agora, o texto segue para a comiss\u00e3o especial criada pela Casa para discuss\u00e3o e vota\u00e7\u00e3o.<\/p>\n<div style=\"margin-top: 0px; margin-bottom: 0px;\" class=\"sharethis-inline-share-buttons\" ><\/div>","protected":false},"excerpt":{"rendered":"<p>O Partido Socialista Brasileiro (PSB)\u00a0fechou quest\u00e3o, por unanimidade, contra a atual Reforma da Previd\u00eancia &#8211; PEC 6\/2019, apresentada pelo Governo Federal, na reuni\u00e3o do Diret\u00f3rio Nacional (25), em Bras\u00edlia. O Presidente Nacional do PSB, Carlos Siqueira, falou sobre a import\u00e2ncia da decis\u00e3o. \u201cFoi essencial essa decis\u00e3o un\u00e2nime do Diret\u00f3rio Nacional do PSB de fechar quest\u00e3o [&hellip;]<\/p>\n","protected":false},"author":2,"featured_media":7672,"comment_status":"open","ping_status":"open","sticky":false,"template":"","format":"standard","meta":{"footnotes":""},"categories":[2],"tags":[],"class_list":["post-7671","post","type-post","status-publish","format-standard","has-post-thumbnail","hentry","category-noticias-do-dia"],"_links":{"self":[{"href":"https:\/\/www.saloanoticias.com\/v1\/wp-json\/wp\/v2\/posts\/7671","targetHints":{"allow":["GET"]}}],"collection":[{"href":"https:\/\/www.saloanoticias.com\/v1\/wp-json\/wp\/v2\/posts"}],"about":[{"href":"https:\/\/www.saloanoticias.com\/v1\/wp-json\/wp\/v2\/types\/post"}],"author":[{"embeddable":true,"href":"https:\/\/www.saloanoticias.com\/v1\/wp-json\/wp\/v2\/users\/2"}],"replies":[{"embeddable":true,"href":"https:\/\/www.saloanoticias.com\/v1\/wp-json\/wp\/v2\/comments?post=7671"}],"version-history":[{"count":1,"href":"https:\/\/www.saloanoticias.com\/v1\/wp-json\/wp\/v2\/posts\/7671\/revisions"}],"predecessor-version":[{"id":7673,"href":"https:\/\/www.saloanoticias.com\/v1\/wp-json\/wp\/v2\/posts\/7671\/revisions\/7673"}],"wp:featuredmedia":[{"embeddable":true,"href":"https:\/\/www.saloanoticias.com\/v1\/wp-json\/wp\/v2\/media\/7672"}],"wp:attachment":[{"href":"https:\/\/www.saloanoticias.com\/v1\/wp-json\/wp\/v2\/media?parent=7671"}],"wp:term":[{"taxonomy":"category","embeddable":true,"href":"https:\/\/www.saloanoticias.com\/v1\/wp-json\/wp\/v2\/categories?post=7671"},{"taxonomy":"post_tag","embeddable":true,"href":"https:\/\/www.saloanoticias.com\/v1\/wp-json\/wp\/v2\/tags?post=7671"}],"curies":[{"name":"wp","href":"https:\/\/api.w.org\/{rel}","templated":true}]}}