{"id":767,"date":"2014-03-24T11:00:00","date_gmt":"2014-03-24T11:00:00","guid":{"rendered":"https:\/\/saloanoticias.mrmediaweb.com\/v1\/2014\/03\/24\/saiba-como-foi-a-agenda-40-em-garanhuns-pe\/"},"modified":"2014-03-24T11:00:00","modified_gmt":"2014-03-24T11:00:00","slug":"saiba-como-foi-a-agenda-40-em-garanhuns-pe","status":"publish","type":"post","link":"https:\/\/www.saloanoticias.com\/v1\/saiba-como-foi-a-agenda-40-em-garanhuns-pe\/","title":{"rendered":"AGENDA 40 ESTEVE EM GARANHUNS NESTE FINAL DE SEMANA"},"content":{"rendered":"<p align=\"justify\"><font size=\"3\" face=\"Arial\"><a href=\"http:\/\/www.saloanoticias.com\/images\/230314-foto-roberto-pereira.jpg\"><img loading=\"lazy\" decoding=\"async\" title=\"230314-foto-roberto-pereira\" style=\"border-left-width: 0px; border-right-width: 0px; background-image: none; border-bottom-width: 0px; float: none; padding-top: 0px; padding-left: 0px; margin: 0px auto 10px; display: block; padding-right: 0px; border-top-width: 0px\" border=\"0\" alt=\"230314-foto-roberto-pereira\" src=\"http:\/\/www.saloanoticias.com\/v1\/wp-content\/uploads\/imagens\/230314-foto-roberto-pereira_thumb.jpg\" width=\"570\" height=\"380\"><\/a>Centenas de militantes da Frente Popular reuniram-se no Clube da AGA, neste domingo, em Garanhuns, para receber o governador de Pernambuco, <strong>Eduardo Campos<\/strong>, e os pr\u00e9-candidatos da Frente Popular, <strong>Paulo C\u00e2mara<\/strong>, Raul Henry e <strong>Fernando Bezerra Coelho<\/strong>. <\/font><font size=\"3\" face=\"Arial\">O encontro foi o quinto de uma s\u00e9rie de reuni\u00f5es com a popula\u00e7\u00e3o para ouvir sugest\u00f5es e construir em conjunto o programa de governo da Frente Popular para as pr\u00f3ximas elei\u00e7\u00f5es. <\/font><font size=\"3\" face=\"Arial\">Foi a primeira \u201cAgenda 40\u201d do Agreste Meridional. O evento contou com a participa\u00e7\u00e3o de 17 prefeitos, entre eles Gerson Henrique (PTB), do munic\u00edpio de Jucati.<\/font>  <\/p>\n<p align=\"justify\"><font size=\"3\" face=\"Arial\">Ao longo da agenda, os participantes receberam c\u00f3pias das diretrizes program\u00e1ticas da Frente e fichas para sugest\u00f5es de a\u00e7\u00f5es para compor o planejamento dos pr\u00e9-candidatos Paulo C\u00e2mara, Raul Henry e Fernando Bezerra. <\/font><font size=\"3\" face=\"Arial\">Durante o encontro, o governador Eduardo Campos ressaltou os avan\u00e7os conquistados por Pernambuco nos \u00faltimos anos e a necessidade de retomar o crescimento em n\u00edvel nacional. <\/font><font size=\"3\" face=\"Arial\">\u201cO Brasil veio de um jeito at\u00e9 2010 e agora segue outro rumo. O pa\u00eds cresce hoje metade do que cresce o resto da Am\u00e9rica Latina e n\u00e3o podemos permitir que se desconstr\u00faam os avan\u00e7os que conquistamos\u201d, disse ele.<\/font>  <\/p>\n<p align=\"justify\"><font size=\"3\" face=\"Arial\">J\u00e1 o pr\u00e9-candidato a governador Paulo C\u00e2mara falou sobre sua experi\u00eancia pol\u00edtica e na gest\u00e3o p\u00fablica. E detalhou as principais a\u00e7\u00f5es que deve colocar no plano de governo para ampliar o desenvolvimento do Agreste Meridional. <\/font><font size=\"3\" face=\"Arial\">\u201cSabemos das voca\u00e7\u00f5es e necessidades dessa regi\u00e3o e vamos trabalhar, principalmente, pelo fortalecimento do p\u00f3lo educacional estabelecido aqui, da bacia leiteira, da agricultura familiar e do turismo do Agreste\u201d, garantiu C\u00e2mara.<\/font>  <\/p>\n<p align=\"justify\"><font size=\"3\" face=\"Arial\">O tema \u00e1gua foi ressaltado pelo pr\u00e9-candidato a senador Fernando Bezerra Coelho, que destacou a\u00e7\u00f5es em andamento do Governo do Estado para levar a seguran\u00e7a h\u00eddrica ao Agreste. <\/font><font size=\"3\" face=\"Arial\">\u201cHoje, s\u00e3o mais de R$ 125 milh\u00f5es em obras para garantir \u00e1gua para essa regi\u00e3o. Mas n\u00e3o vamos parar por a\u00ed e j\u00e1 temos cinco novas barragens em fase de estudo para que possamos ofertar a t\u00e3o desejada seguran\u00e7a h\u00eddrica ao Agreste Meridional.\u201d <\/font><font size=\"3\" face=\"Arial\">Ainda no encontro foi anunciada a data de 29 de junho para a conven\u00e7\u00e3o do PSB de Pernambuco para formalizar as candidaturas de Paulo C\u00e2mara, Raul Henry e Fernando Bezerra.<\/font>  <\/p>\n<p align=\"justify\"><font size=\"3\" face=\"Arial Black\">Fonte&nbsp; &#8211;&nbsp; Blog do Inaldo Sampaio<\/font><\/p>\n<div style=\"margin-top: 0px; margin-bottom: 0px;\" class=\"sharethis-inline-share-buttons\" ><\/div>","protected":false},"excerpt":{"rendered":"<p>Centenas de militantes da Frente Popular reuniram-se no Clube da AGA, neste domingo, em Garanhuns, para receber o governador de Pernambuco, Eduardo Campos, e os pr\u00e9-candidatos da Frente Popular, Paulo C\u00e2mara, Raul Henry e Fernando Bezerra Coelho. O encontro foi o quinto de uma s\u00e9rie de reuni\u00f5es com a popula\u00e7\u00e3o para ouvir sugest\u00f5es e construir [&hellip;]<\/p>\n","protected":false},"author":1,"featured_media":0,"comment_status":"open","ping_status":"open","sticky":false,"template":"","format":"standard","meta":{"footnotes":""},"categories":[2],"tags":[],"class_list":["post-767","post","type-post","status-publish","format-standard","hentry","category-noticias-do-dia"],"_links":{"self":[{"href":"https:\/\/www.saloanoticias.com\/v1\/wp-json\/wp\/v2\/posts\/767","targetHints":{"allow":["GET"]}}],"collection":[{"href":"https:\/\/www.saloanoticias.com\/v1\/wp-json\/wp\/v2\/posts"}],"about":[{"href":"https:\/\/www.saloanoticias.com\/v1\/wp-json\/wp\/v2\/types\/post"}],"author":[{"embeddable":true,"href":"https:\/\/www.saloanoticias.com\/v1\/wp-json\/wp\/v2\/users\/1"}],"replies":[{"embeddable":true,"href":"https:\/\/www.saloanoticias.com\/v1\/wp-json\/wp\/v2\/comments?post=767"}],"version-history":[{"count":0,"href":"https:\/\/www.saloanoticias.com\/v1\/wp-json\/wp\/v2\/posts\/767\/revisions"}],"wp:attachment":[{"href":"https:\/\/www.saloanoticias.com\/v1\/wp-json\/wp\/v2\/media?parent=767"}],"wp:term":[{"taxonomy":"category","embeddable":true,"href":"https:\/\/www.saloanoticias.com\/v1\/wp-json\/wp\/v2\/categories?post=767"},{"taxonomy":"post_tag","embeddable":true,"href":"https:\/\/www.saloanoticias.com\/v1\/wp-json\/wp\/v2\/tags?post=767"}],"curies":[{"name":"wp","href":"https:\/\/api.w.org\/{rel}","templated":true}]}}