{"id":7662,"date":"2019-04-26T00:24:58","date_gmt":"2019-04-26T00:24:58","guid":{"rendered":"https:\/\/saloanoticias.com\/v1\/?p=7662"},"modified":"2019-04-26T00:37:33","modified_gmt":"2019-04-26T00:37:33","slug":"ronaldinho-e-escolhido-lider-do-governo-na-camara-de-saloa","status":"publish","type":"post","link":"https:\/\/www.saloanoticias.com\/v1\/ronaldinho-e-escolhido-lider-do-governo-na-camara-de-saloa\/","title":{"rendered":"RONALDINHO (PSB) \u00c9 ESCOLHIDO L\u00cdDER DO GOVERNO NA C\u00c2MARA DE SALO\u00c1"},"content":{"rendered":"<p><img loading=\"lazy\" decoding=\"async\" width=\"1021\" height=\"480\" class=\"aligncenter size-full wp-image-7663\" src=\"https:\/\/saloanoticias.com\/v1\/wp-content\/uploads\/2019\/04\/ronaldinho-birunda.jpeg\" alt=\"\" srcset=\"https:\/\/www.saloanoticias.com\/v1\/wp-content\/uploads\/2019\/04\/ronaldinho-birunda.jpeg 1021w, https:\/\/www.saloanoticias.com\/v1\/wp-content\/uploads\/2019\/04\/ronaldinho-birunda-300x141.jpeg 300w, https:\/\/www.saloanoticias.com\/v1\/wp-content\/uploads\/2019\/04\/ronaldinho-birunda-768x361.jpeg 768w\" sizes=\"auto, (max-width: 1021px) 100vw, 1021px\" \/>O vereador Osvaldo Ronaldo Alves Cavalcante, o popular Ronaldinho (PSB), foi indicado pelo grupo de vereadores que fazem parte da base do governo na C\u00e2mara, para ser o L\u00edder do Governo na Casa Jos\u00e9 Soares de Melo. Segundo informa\u00e7\u00f5es, a decis\u00e3o dos parlamentares pegou Ronaldinho de surpresa, mas, foi aceita e aprovada por ele. Ronaldinho assume o lugar do vereador Jos\u00e9 Francisco Curvelo (Jamel\u00e3o), que deixou a posi\u00e7\u00e3o depois de ficar dois anos como L\u00edder.<\/p>\n<p>Ronaldinho fez um discurso de agradecimento por ter sido indicado por unanimidade dos colegas, enfatizando que far\u00e1 o m\u00e1ximo poss\u00edvel para desempenhar bem a sua nova fun\u00e7\u00e3o no parlamento. Ele tamb\u00e9m parabenizou o vereador Jamel\u00e3o por ter exercido t\u00e3o bem a lideran\u00e7a que exercia. Depois do discurso de agradecimento outros vereadores usaram a palavra e apoiaram o colega por ter aceitado a grande responsabilidade.<\/p>\n<div style=\"margin-top: 0px; margin-bottom: 0px;\" class=\"sharethis-inline-share-buttons\" ><\/div>","protected":false},"excerpt":{"rendered":"<p>O vereador Osvaldo Ronaldo Alves Cavalcante, o popular Ronaldinho (PSB), foi indicado pelo grupo de vereadores que fazem parte da base do governo na C\u00e2mara, para ser o L\u00edder do Governo na Casa Jos\u00e9 Soares de Melo. Segundo informa\u00e7\u00f5es, a decis\u00e3o dos parlamentares pegou Ronaldinho de surpresa, mas, foi aceita e aprovada por ele. Ronaldinho [&hellip;]<\/p>\n","protected":false},"author":2,"featured_media":7663,"comment_status":"open","ping_status":"open","sticky":false,"template":"","format":"standard","meta":{"footnotes":""},"categories":[2],"tags":[],"class_list":["post-7662","post","type-post","status-publish","format-standard","has-post-thumbnail","hentry","category-noticias-do-dia"],"_links":{"self":[{"href":"https:\/\/www.saloanoticias.com\/v1\/wp-json\/wp\/v2\/posts\/7662","targetHints":{"allow":["GET"]}}],"collection":[{"href":"https:\/\/www.saloanoticias.com\/v1\/wp-json\/wp\/v2\/posts"}],"about":[{"href":"https:\/\/www.saloanoticias.com\/v1\/wp-json\/wp\/v2\/types\/post"}],"author":[{"embeddable":true,"href":"https:\/\/www.saloanoticias.com\/v1\/wp-json\/wp\/v2\/users\/2"}],"replies":[{"embeddable":true,"href":"https:\/\/www.saloanoticias.com\/v1\/wp-json\/wp\/v2\/comments?post=7662"}],"version-history":[{"count":7,"href":"https:\/\/www.saloanoticias.com\/v1\/wp-json\/wp\/v2\/posts\/7662\/revisions"}],"predecessor-version":[{"id":7670,"href":"https:\/\/www.saloanoticias.com\/v1\/wp-json\/wp\/v2\/posts\/7662\/revisions\/7670"}],"wp:featuredmedia":[{"embeddable":true,"href":"https:\/\/www.saloanoticias.com\/v1\/wp-json\/wp\/v2\/media\/7663"}],"wp:attachment":[{"href":"https:\/\/www.saloanoticias.com\/v1\/wp-json\/wp\/v2\/media?parent=7662"}],"wp:term":[{"taxonomy":"category","embeddable":true,"href":"https:\/\/www.saloanoticias.com\/v1\/wp-json\/wp\/v2\/categories?post=7662"},{"taxonomy":"post_tag","embeddable":true,"href":"https:\/\/www.saloanoticias.com\/v1\/wp-json\/wp\/v2\/tags?post=7662"}],"curies":[{"name":"wp","href":"https:\/\/api.w.org\/{rel}","templated":true}]}}