{"id":766,"date":"2014-03-23T22:10:22","date_gmt":"2014-03-23T22:10:22","guid":{"rendered":"https:\/\/saloanoticias.mrmediaweb.com\/v1\/2014\/03\/23\/nautico-perde-mais-uma\/"},"modified":"2014-03-23T22:10:22","modified_gmt":"2014-03-23T22:10:22","slug":"nautico-perde-mais-uma","status":"publish","type":"post","link":"https:\/\/www.saloanoticias.com\/v1\/nautico-perde-mais-uma\/","title":{"rendered":"N\u00c1UTICO PERDE MAIS UMA PARA O SANTA"},"content":{"rendered":"<p align=\"justify\"><font size=\"3\" face=\"Arial\"><a href=\"http:\/\/www.saloanoticias.com\/images\/nutico_95a560fb02e477624d1d80ebddc81a59.jpg\"><img loading=\"lazy\" decoding=\"async\" title=\"N&aacute;utico\" style=\"border-top: 0px; border-right: 0px; background-image: none; border-bottom: 0px; float: none; padding-top: 0px; padding-left: 0px; margin: 0px auto 10px; border-left: 0px; display: block; padding-right: 0px\" border=\"0\" alt=\"N&aacute;utico\" src=\"http:\/\/www.saloanoticias.com\/v1\/wp-content\/uploads\/imagens\/nutico_thumb_9b8238000f6ce773d1de5a356dc58821.jpg\" width=\"596\" height=\"405\"><\/a>O jogo valia a primeira posi\u00e7\u00e3o do estadual ao N\u00e1utico. A classifica\u00e7\u00e3o. Ao Santa Cruz, antes de tudo, a estabilidade ap\u00f3s a elimina\u00e7\u00e3o na Copa do Nordeste e um ponto final no retrospecto sem vit\u00f3rias contra os os seus rivais nesta temporada. Fim do jejum. O primeiro Cl\u00e1ssico das Emo\u00e7\u00f5es na Arena Pernambuco foi marcado por muitos gols. Em jogo recheado de falhas defensivas do Timbu (at\u00e9 bisonhas, ressalte-se), deu um placar de 5 a 3 para o Tricolor na tarde deste domingo. Resultado que salva o cargo do t\u00e9cnico Vica. L\u00edder no come\u00e7o da rodada, Lisca agora \u00e9 quem est\u00e1 pressionado. A goleada pesou. A torcida alvirrubra chegou a pedir veementemente a sa\u00edda do comandante quando soou o apito para o intervalo. A press\u00e3o trocou de lado.<\/font><\/p>\n<p align=\"justify\"><font size=\"3\" face=\"Arial\">Tudo o que o Santa menos precisava era come\u00e7ar perdendo no in\u00edcio. Poderia desestabilizar ainda mais uma equipe j\u00e1 moralmente abatida. O pesadelo veio. O gol de honra do Timbu ficou na conta de Oziel. O lateral falhou duas vezes e&nbsp; Hugo abriu o marcador. A partida, no entanto, manteve-se equilibrada. Mas o time de Lisca era muito mais permissivo. Dava espa\u00e7os na intermedi\u00e1ria a todo instante. Renan Fonseca aproveitou-se. Acertou um chute que ainda desviou no zagueiro Fl\u00e1vio antes de entrar: 1 a 1. Gol que reanimou o Santa Cruz. <\/font><font size=\"3\" face=\"Arial\">A virada coral n\u00e3o tardou. Veio em exatos 11 minutos. E aconteceu de forma bizarra. William Alves perdeu uma bola f\u00e1cil para L\u00e9o Gamalho. Depois de cruzamento, Izaldo acertou a sua pr\u00f3pria trave. Na sequ\u00eancia, jogou contra o pr\u00f3prio patrim\u00f4nio. Gol contra: 2 a 1.<\/font><\/p>\n<p align=\"justify\"><font size=\"3\" face=\"Arial\">Pareceu lance de atletas amadores. O Santa cresceu a partir da\u00ed. Ampliou a vantagem aos 42. O volante D\u00ea, sem necessidade, subiu para atacar. Acabou dando espa\u00e7o para um contra-golpe mortal. Com assist\u00eancia de Ca\u00e7a-Rato, L\u00e9o Gamalho marcou o terceiro. Segundo tempo &#8211; O N\u00e1utico j\u00e1 voltou dos vesti\u00e1rios sendo vaiado pela pr\u00f3pria torcida devido ao mau futebol apresentado na etapa inicial. Lisca, xingado. O zagueiro William Alves e o t\u00e9cnico viraram alvos principais dos torcedores. Izaldo foi poupado no intervalo pelo treinador e tamb\u00e9m se poupou das cr\u00edticas dos torcedores. Poderia ter ouvido mais se tivesse permanecido em campo. Isso porque, apenas aos seis minutos, L\u00e9o Gamalho fez seu segundo no jogo e o quarto do Santa Cruz.<\/font><\/p>\n<p align=\"justify\"><font size=\"3\" face=\"Arial\">De cobertura. Goleada. O N\u00e1utico estava desnorteado. \u201cMais um\u201d, come\u00e7ou a gritar a torcida coral. Pedido atendido. Aos 23, Carlos Alberto fez o que quis na grande \u00e1rea dos mandantes e mandou no canto direito de Alessandro: 5 a 1. Elicarlos e William Alves ainda diminuiuram. Injusto. Havia espa\u00e7o para mais gols do lado Triciolor.<\/font><\/p>\n<p align=\"justify\"><font size=\"3\" face=\"Arial Black\">Fonte&nbsp; &#8211;&nbsp; Di\u00e1rio de Pernambuco<\/font><\/p>\n<div style=\"margin-top: 0px; margin-bottom: 0px;\" class=\"sharethis-inline-share-buttons\" ><\/div>","protected":false},"excerpt":{"rendered":"<p>O jogo valia a primeira posi\u00e7\u00e3o do estadual ao N\u00e1utico. A classifica\u00e7\u00e3o. Ao Santa Cruz, antes de tudo, a estabilidade ap\u00f3s a elimina\u00e7\u00e3o na Copa do Nordeste e um ponto final no retrospecto sem vit\u00f3rias contra os os seus rivais nesta temporada. Fim do jejum. O primeiro Cl\u00e1ssico das Emo\u00e7\u00f5es na Arena Pernambuco foi marcado [&hellip;]<\/p>\n","protected":false},"author":1,"featured_media":0,"comment_status":"open","ping_status":"open","sticky":false,"template":"","format":"standard","meta":{"footnotes":""},"categories":[2],"tags":[],"class_list":["post-766","post","type-post","status-publish","format-standard","hentry","category-noticias-do-dia"],"_links":{"self":[{"href":"https:\/\/www.saloanoticias.com\/v1\/wp-json\/wp\/v2\/posts\/766","targetHints":{"allow":["GET"]}}],"collection":[{"href":"https:\/\/www.saloanoticias.com\/v1\/wp-json\/wp\/v2\/posts"}],"about":[{"href":"https:\/\/www.saloanoticias.com\/v1\/wp-json\/wp\/v2\/types\/post"}],"author":[{"embeddable":true,"href":"https:\/\/www.saloanoticias.com\/v1\/wp-json\/wp\/v2\/users\/1"}],"replies":[{"embeddable":true,"href":"https:\/\/www.saloanoticias.com\/v1\/wp-json\/wp\/v2\/comments?post=766"}],"version-history":[{"count":0,"href":"https:\/\/www.saloanoticias.com\/v1\/wp-json\/wp\/v2\/posts\/766\/revisions"}],"wp:attachment":[{"href":"https:\/\/www.saloanoticias.com\/v1\/wp-json\/wp\/v2\/media?parent=766"}],"wp:term":[{"taxonomy":"category","embeddable":true,"href":"https:\/\/www.saloanoticias.com\/v1\/wp-json\/wp\/v2\/categories?post=766"},{"taxonomy":"post_tag","embeddable":true,"href":"https:\/\/www.saloanoticias.com\/v1\/wp-json\/wp\/v2\/tags?post=766"}],"curies":[{"name":"wp","href":"https:\/\/api.w.org\/{rel}","templated":true}]}}