{"id":7654,"date":"2019-04-26T00:07:34","date_gmt":"2019-04-26T00:07:34","guid":{"rendered":"https:\/\/saloanoticias.com\/v1\/?p=7654"},"modified":"2019-04-26T00:10:51","modified_gmt":"2019-04-26T00:10:51","slug":"7654-2","status":"publish","type":"post","link":"https:\/\/www.saloanoticias.com\/v1\/7654-2\/","title":{"rendered":"SECRETARIA DE SA\u00daDE DE SALO\u00c1 REALIZA A\u00c7\u00d5ES PELO DIA MUNDIAL DA SA\u00daDE"},"content":{"rendered":"<p><img loading=\"lazy\" decoding=\"async\" class=\"aligncenter wp-image-7655\" src=\"https:\/\/saloanoticias.com\/v1\/wp-content\/uploads\/2019\/04\/A\u00e7\u00e3o-Sa\u00fade-2.jpg\" alt=\"\" width=\"1044\" height=\"659\" srcset=\"https:\/\/www.saloanoticias.com\/v1\/wp-content\/uploads\/2019\/04\/A\u00e7\u00e3o-Sa\u00fade-2.jpg 525w, https:\/\/www.saloanoticias.com\/v1\/wp-content\/uploads\/2019\/04\/A\u00e7\u00e3o-Sa\u00fade-2-300x190.jpg 300w\" sizes=\"auto, (max-width: 1044px) 100vw, 1044px\" \/>Nesta quinta-feira (25\/04) a Secretaria Municipal de Sa\u00fade de Salo\u00e1 realizou uma atividade em alus\u00e3o ao Dia Mundial da Sa\u00fade. O evento aconteceu na Academia da Sa\u00fade, com enfoque aos \u201cCuidados Prim\u00e1rios de Sa\u00fade\u201d. O nosso maior objetivo \u00e9 refor\u00e7ar os cuidados b\u00e1sicos e acess\u00edveis ofertados pelo nosso munic\u00edpio \u00e0 popula\u00e7\u00e3o, garantido qualidade de vida e bem estar a todos, disse a secret\u00e1ria Manuela Torres.<\/p>\n<p>Aten\u00e7\u00e3o para os servi\u00e7os que foram oferecidos: <strong>Orienta\u00e7\u00f5es sobre Tabagismo, Orienta\u00e7\u00f5es Nutricionais, Auriculoterapia, Glicemia Capilar, Aferi\u00e7\u00e3o da Press\u00e3o Arterial, Preven\u00e7\u00e3o e Controle da Dengue, Vacina\u00e7\u00e3o, Orienta\u00e7\u00e3o sobre Amamenta\u00e7\u00e3o. <\/strong>A aten\u00e7\u00e3o prim\u00e1ria deve ser o primeiro acesso ao servi\u00e7o de sa\u00fade da popula\u00e7\u00e3o, sempre priorizando a promo\u00e7\u00e3o, preven\u00e7\u00e3o, tratamento e reabilita\u00e7\u00e3o da sa\u00fade, servindo como base para um servi\u00e7o de qualidade para todos.<\/p>\n<div style=\"margin-top: 0px; margin-bottom: 0px;\" class=\"sharethis-inline-share-buttons\" ><\/div>","protected":false},"excerpt":{"rendered":"<p>Nesta quinta-feira (25\/04) a Secretaria Municipal de Sa\u00fade de Salo\u00e1 realizou uma atividade em alus\u00e3o ao Dia Mundial da Sa\u00fade. O evento aconteceu na Academia da Sa\u00fade, com enfoque aos \u201cCuidados Prim\u00e1rios de Sa\u00fade\u201d. O nosso maior objetivo \u00e9 refor\u00e7ar os cuidados b\u00e1sicos e acess\u00edveis ofertados pelo nosso munic\u00edpio \u00e0 popula\u00e7\u00e3o, garantido qualidade de vida [&hellip;]<\/p>\n","protected":false},"author":2,"featured_media":7657,"comment_status":"open","ping_status":"open","sticky":false,"template":"","format":"standard","meta":{"footnotes":""},"categories":[2],"tags":[],"class_list":["post-7654","post","type-post","status-publish","format-standard","has-post-thumbnail","hentry","category-noticias-do-dia"],"_links":{"self":[{"href":"https:\/\/www.saloanoticias.com\/v1\/wp-json\/wp\/v2\/posts\/7654","targetHints":{"allow":["GET"]}}],"collection":[{"href":"https:\/\/www.saloanoticias.com\/v1\/wp-json\/wp\/v2\/posts"}],"about":[{"href":"https:\/\/www.saloanoticias.com\/v1\/wp-json\/wp\/v2\/types\/post"}],"author":[{"embeddable":true,"href":"https:\/\/www.saloanoticias.com\/v1\/wp-json\/wp\/v2\/users\/2"}],"replies":[{"embeddable":true,"href":"https:\/\/www.saloanoticias.com\/v1\/wp-json\/wp\/v2\/comments?post=7654"}],"version-history":[{"count":5,"href":"https:\/\/www.saloanoticias.com\/v1\/wp-json\/wp\/v2\/posts\/7654\/revisions"}],"predecessor-version":[{"id":7661,"href":"https:\/\/www.saloanoticias.com\/v1\/wp-json\/wp\/v2\/posts\/7654\/revisions\/7661"}],"wp:featuredmedia":[{"embeddable":true,"href":"https:\/\/www.saloanoticias.com\/v1\/wp-json\/wp\/v2\/media\/7657"}],"wp:attachment":[{"href":"https:\/\/www.saloanoticias.com\/v1\/wp-json\/wp\/v2\/media?parent=7654"}],"wp:term":[{"taxonomy":"category","embeddable":true,"href":"https:\/\/www.saloanoticias.com\/v1\/wp-json\/wp\/v2\/categories?post=7654"},{"taxonomy":"post_tag","embeddable":true,"href":"https:\/\/www.saloanoticias.com\/v1\/wp-json\/wp\/v2\/tags?post=7654"}],"curies":[{"name":"wp","href":"https:\/\/api.w.org\/{rel}","templated":true}]}}