{"id":7649,"date":"2019-04-24T01:04:39","date_gmt":"2019-04-24T01:04:39","guid":{"rendered":"https:\/\/saloanoticias.com\/v1\/?p=7649"},"modified":"2019-04-24T01:05:36","modified_gmt":"2019-04-24T01:05:36","slug":"decisao-unanime-do-stj-reduz-pena-de-lula-no-caso-triplex","status":"publish","type":"post","link":"https:\/\/www.saloanoticias.com\/v1\/decisao-unanime-do-stj-reduz-pena-de-lula-no-caso-triplex\/","title":{"rendered":"DECIS\u00c3O UN\u00c2NIME DO STJ REDUZ PENA DE LULA NO CASO TRIPLEX"},"content":{"rendered":"<p><img decoding=\"async\" class=\"aligncenter size-full wp-image-7650\" src=\"https:\/\/saloanoticias.com\/v1\/wp-content\/uploads\/2019\/04\/lula-livre.jpg\" alt=\"\" \/>A Quinta Turma do Superior Tribunal de Justi\u00e7a (STJ) decidiu nesta ter\u00e7a-feira (23) manter a condena\u00e7\u00e3o, mas reduzir a pena imposta ao ex-presidente Luiz In\u00e1cio Lula da Silva no caso do triplex no Guaruj\u00e1. O relator, Felix Fischer, e os ministros Jorge Mussi, Reynaldo Soares da Fonseca, presidente da turma, e Marcelo Navarro concordaram em reduzir para 8 anos, 10 meses e 20 dias de reclus\u00e3o a pena de 12 anos e 1 m\u00eas por corrup\u00e7\u00e3o passiva e lavagem de dinheiro imposta pelo Tribunal Regional Federal da 4\u00aa Regi\u00e3o (TRF-4).<\/p>\n<p>Os votos foram proferidos durante julgamento de um recurso apresentado pela defesa do ex-presidente e atenderam parcialmente ao recurso. Atualmente, Lula cumpre pena em regime fechado, na Superintend\u00eancia da Pol\u00edcia Federal em Curitiba. De acordo com a legisla\u00e7\u00e3o penal, um preso tem direito a reivindicar progress\u00e3o para o regime semiaberto depois de cumprir um sexto da pena. A pena imposta a Lula pelo TRF-4, portanto, exigiria pelo menos dois anos de pris\u00e3o em regime fechado.<\/p>\n<p>Com a decis\u00e3o da Quinta Turma do STJ, Lula ter\u00e1 que cumprir 17 meses para reivindicar a transfer\u00eancia para o semiaberto, regime pelo qual \u00e9 poss\u00edvel deixar a cadeia durante o dia para trabalhar. Como Lula j\u00e1 cumpriu cerca de 13 meses, faltariam quatro. A leitura de livros na pris\u00e3o pode contribuir para reduzir ainda mais os dias de puni\u00e7\u00e3o. <em>Fonte: Globo.com<\/em><\/p>\n<p>&nbsp;<\/p>\n<div style=\"margin-top: 0px; margin-bottom: 0px;\" class=\"sharethis-inline-share-buttons\" ><\/div>","protected":false},"excerpt":{"rendered":"<p>A Quinta Turma do Superior Tribunal de Justi\u00e7a (STJ) decidiu nesta ter\u00e7a-feira (23) manter a condena\u00e7\u00e3o, mas reduzir a pena imposta ao ex-presidente Luiz In\u00e1cio Lula da Silva no caso do triplex no Guaruj\u00e1. O relator, Felix Fischer, e os ministros Jorge Mussi, Reynaldo Soares da Fonseca, presidente da turma, e Marcelo Navarro concordaram em [&hellip;]<\/p>\n","protected":false},"author":2,"featured_media":7652,"comment_status":"open","ping_status":"open","sticky":false,"template":"","format":"standard","meta":{"footnotes":""},"categories":[2],"tags":[],"class_list":["post-7649","post","type-post","status-publish","format-standard","has-post-thumbnail","hentry","category-noticias-do-dia"],"_links":{"self":[{"href":"https:\/\/www.saloanoticias.com\/v1\/wp-json\/wp\/v2\/posts\/7649","targetHints":{"allow":["GET"]}}],"collection":[{"href":"https:\/\/www.saloanoticias.com\/v1\/wp-json\/wp\/v2\/posts"}],"about":[{"href":"https:\/\/www.saloanoticias.com\/v1\/wp-json\/wp\/v2\/types\/post"}],"author":[{"embeddable":true,"href":"https:\/\/www.saloanoticias.com\/v1\/wp-json\/wp\/v2\/users\/2"}],"replies":[{"embeddable":true,"href":"https:\/\/www.saloanoticias.com\/v1\/wp-json\/wp\/v2\/comments?post=7649"}],"version-history":[{"count":1,"href":"https:\/\/www.saloanoticias.com\/v1\/wp-json\/wp\/v2\/posts\/7649\/revisions"}],"predecessor-version":[{"id":7651,"href":"https:\/\/www.saloanoticias.com\/v1\/wp-json\/wp\/v2\/posts\/7649\/revisions\/7651"}],"wp:featuredmedia":[{"embeddable":true,"href":"https:\/\/www.saloanoticias.com\/v1\/wp-json\/wp\/v2\/media\/7652"}],"wp:attachment":[{"href":"https:\/\/www.saloanoticias.com\/v1\/wp-json\/wp\/v2\/media?parent=7649"}],"wp:term":[{"taxonomy":"category","embeddable":true,"href":"https:\/\/www.saloanoticias.com\/v1\/wp-json\/wp\/v2\/categories?post=7649"},{"taxonomy":"post_tag","embeddable":true,"href":"https:\/\/www.saloanoticias.com\/v1\/wp-json\/wp\/v2\/tags?post=7649"}],"curies":[{"name":"wp","href":"https:\/\/api.w.org\/{rel}","templated":true}]}}