{"id":7639,"date":"2019-04-22T15:00:59","date_gmt":"2019-04-22T15:00:59","guid":{"rendered":"https:\/\/saloanoticias.com\/v1\/?p=7639"},"modified":"2019-04-22T15:02:25","modified_gmt":"2019-04-22T15:02:25","slug":"danilo-cabral-ira-a-justica-para-assegurar-estudos-a-reforma-da-previdencia","status":"publish","type":"post","link":"https:\/\/www.saloanoticias.com\/v1\/danilo-cabral-ira-a-justica-para-assegurar-estudos-a-reforma-da-previdencia\/","title":{"rendered":"DANILO CABRAL IR\u00c1 A JUSTI\u00c7A PARA ASSEGURAR ESTUDOS A REFORMA DA PREVID\u00caNCIA"},"content":{"rendered":"<p><img loading=\"lazy\" decoding=\"async\" class=\" wp-image-7640 alignleft\" src=\"https:\/\/saloanoticias.com\/v1\/wp-content\/uploads\/2019\/04\/danilo2204.jpg\" alt=\"\" width=\"439\" height=\"293\" srcset=\"https:\/\/www.saloanoticias.com\/v1\/wp-content\/uploads\/2019\/04\/danilo2204.jpg 640w, https:\/\/www.saloanoticias.com\/v1\/wp-content\/uploads\/2019\/04\/danilo2204-300x200.jpg 300w\" sizes=\"auto, (max-width: 439px) 100vw, 439px\" \/>O deputado federal Danilo Cabral (PSB) antecipou, na manh\u00e3 desta segunda-feira (22), que ajuizar\u00e1 uma a\u00e7\u00e3o popular na justi\u00e7a federal para garantir o acesso \u00e0s informa\u00e7\u00f5es que embasam a proposta de Reforma da Previd\u00eancia do governo federal. Segundo o parlamentar, \u00e9 preciso assegurar que a popula\u00e7\u00e3o conhe\u00e7a os argumentos, estat\u00edsticas, dados econ\u00f4micos e sociais que sustentam o texto em tramita\u00e7\u00e3o. \u201cOs cidad\u00e3os t\u00eam direito de saber o conte\u00fado de cada estudo que sustenta a proposta de mudan\u00e7as nas regras previdenci\u00e1rias, afinal \u00e9 uma medida que impacta a vida de todos os brasileiros\u201d, afirmou.<\/p>\n<p>Danilo Cabral ressaltou que apresentou um requerimento com pedido de informa\u00e7\u00e3o ao Minist\u00e9rio da Economia, um dia ap\u00f3s a chegada da Reforma da Previd\u00eancia ao Congresso Nacional, solicitando os dados dos estudos atuariais bem como o impacto or\u00e7ament\u00e1rio na redu\u00e7\u00e3o do suposto d\u00e9ficit previdenci\u00e1rio, com a altera\u00e7\u00e3o nos crit\u00e9rios de concess\u00e3o dos benef\u00edcios. \u201cAt\u00e9 agora, n\u00e3o recebemos resposta do governo\u201d, destacou. O prazo para a resposta do pedido de informa\u00e7\u00e3o vence hoje (22).<\/p>\n<p>\u201cO governo n\u00e3o tem respeito pelo valor da transpar\u00eancia na gest\u00e3o p\u00fablica. Esta \u00e9 a segunda vez que tenta restringir o acesso a dados p\u00fablicos neste ano\u201d, criticou Danilo Cabral. O parlamentar lembrou a revoga\u00e7\u00e3o do decreto sobre sigilo nos dados p\u00fablicos ap\u00f3s ser derrotado na C\u00e2mara dos Deputados com a aprova\u00e7\u00e3o do Projeto de Decreto Legislativo, elaborado por deputados do PSB, que suspendia os efeitos da medida. O decreto foi assinado pelo vice-presidente Hamilton Mour\u00e3o, ampliando o rol de comissionados que podem tornar dados p\u00fablicos ultrassecretos. De acordo com Danilo Cabral, para decretar sigilo aos dados sobre a Reforma da Previd\u00eancia, o governo alega que s\u00e3o documentos preparat\u00f3rios, o que significa que apenas servidores e autoridades p\u00fablicas, devidamente autorizados, podem acessar a informa\u00e7\u00e3o.<\/p>\n<p>\u201cOra, se s\u00e3o documentos preparat\u00f3rios, o governo se precipitou a mandar a PEC (Proposta de Emenda Constitucional) com base nestes estudos\u201d, disse o deputado. Ele refor\u00e7a a necessidade de obter as informa\u00e7\u00f5es antes de a proposta chegar \u00e0 Comiss\u00e3o Especial que analisar\u00e1 as mudan\u00e7as no sistema previdenci\u00e1rio. \u201cTudo indica que o governo tamb\u00e9m n\u00e3o responder\u00e1 ao nosso pedido de informa\u00e7\u00e3o, cujo prazo se expira hoje. Caso isso ocorra, entraremos com a a\u00e7\u00e3o popular\u201d, acrescentou.\u00a0Amanh\u00e3 (23), a Comiss\u00e3o de Constitui\u00e7\u00e3o e Justi\u00e7a (CCJ) voltar\u00e1 a discutir o relat\u00f3rio do deputado Marcelo Freitas (PSL-MG). H\u00e1 previs\u00e3o de que o texto, depois de press\u00e3o dos parlamentares, seja reapresentado com altera\u00e7\u00f5es.<\/p>\n<div style=\"margin-top: 0px; margin-bottom: 0px;\" class=\"sharethis-inline-share-buttons\" ><\/div>","protected":false},"excerpt":{"rendered":"<p>O deputado federal Danilo Cabral (PSB) antecipou, na manh\u00e3 desta segunda-feira (22), que ajuizar\u00e1 uma a\u00e7\u00e3o popular na justi\u00e7a federal para garantir o acesso \u00e0s informa\u00e7\u00f5es que embasam a proposta de Reforma da Previd\u00eancia do governo federal. Segundo o parlamentar, \u00e9 preciso assegurar que a popula\u00e7\u00e3o conhe\u00e7a os argumentos, estat\u00edsticas, dados econ\u00f4micos e sociais que [&hellip;]<\/p>\n","protected":false},"author":2,"featured_media":7642,"comment_status":"open","ping_status":"open","sticky":false,"template":"","format":"standard","meta":{"footnotes":""},"categories":[2],"tags":[],"class_list":["post-7639","post","type-post","status-publish","format-standard","has-post-thumbnail","hentry","category-noticias-do-dia"],"_links":{"self":[{"href":"https:\/\/www.saloanoticias.com\/v1\/wp-json\/wp\/v2\/posts\/7639","targetHints":{"allow":["GET"]}}],"collection":[{"href":"https:\/\/www.saloanoticias.com\/v1\/wp-json\/wp\/v2\/posts"}],"about":[{"href":"https:\/\/www.saloanoticias.com\/v1\/wp-json\/wp\/v2\/types\/post"}],"author":[{"embeddable":true,"href":"https:\/\/www.saloanoticias.com\/v1\/wp-json\/wp\/v2\/users\/2"}],"replies":[{"embeddable":true,"href":"https:\/\/www.saloanoticias.com\/v1\/wp-json\/wp\/v2\/comments?post=7639"}],"version-history":[{"count":1,"href":"https:\/\/www.saloanoticias.com\/v1\/wp-json\/wp\/v2\/posts\/7639\/revisions"}],"predecessor-version":[{"id":7641,"href":"https:\/\/www.saloanoticias.com\/v1\/wp-json\/wp\/v2\/posts\/7639\/revisions\/7641"}],"wp:featuredmedia":[{"embeddable":true,"href":"https:\/\/www.saloanoticias.com\/v1\/wp-json\/wp\/v2\/media\/7642"}],"wp:attachment":[{"href":"https:\/\/www.saloanoticias.com\/v1\/wp-json\/wp\/v2\/media?parent=7639"}],"wp:term":[{"taxonomy":"category","embeddable":true,"href":"https:\/\/www.saloanoticias.com\/v1\/wp-json\/wp\/v2\/categories?post=7639"},{"taxonomy":"post_tag","embeddable":true,"href":"https:\/\/www.saloanoticias.com\/v1\/wp-json\/wp\/v2\/tags?post=7639"}],"curies":[{"name":"wp","href":"https:\/\/api.w.org\/{rel}","templated":true}]}}