{"id":7630,"date":"2019-04-20T20:00:36","date_gmt":"2019-04-20T20:00:36","guid":{"rendered":"https:\/\/saloanoticias.com\/v1\/?p=7630"},"modified":"2019-04-20T20:02:48","modified_gmt":"2019-04-20T20:02:48","slug":"prefeitura-de-saloa-distribui-o-peixe-da-semana-santa-pelo-7o-ano-consecutivo","status":"publish","type":"post","link":"https:\/\/www.saloanoticias.com\/v1\/prefeitura-de-saloa-distribui-o-peixe-da-semana-santa-pelo-7o-ano-consecutivo\/","title":{"rendered":"PREFEITURA DISTRIBUI O PEIXE DA SEMANA SANTA PELO 7\u00ba ANO CONSECUTIVO"},"content":{"rendered":"<p><img loading=\"lazy\" decoding=\"async\" class=\"aligncenter wp-image-7631\" src=\"https:\/\/saloanoticias.com\/v1\/wp-content\/uploads\/2019\/04\/Peixe_1.jpg\" alt=\"\" width=\"979\" height=\"619\" srcset=\"https:\/\/www.saloanoticias.com\/v1\/wp-content\/uploads\/2019\/04\/Peixe_1.jpg 848w, https:\/\/www.saloanoticias.com\/v1\/wp-content\/uploads\/2019\/04\/Peixe_1-300x190.jpg 300w, https:\/\/www.saloanoticias.com\/v1\/wp-content\/uploads\/2019\/04\/Peixe_1-768x485.jpg 768w\" sizes=\"auto, (max-width: 979px) 100vw, 979px\" \/>Na \u00faltima ter\u00e7a feira (16\/04), a Prefeitura Municipal de Salo\u00e1, atrav\u00e9s da Secretaria Municipal de Assist\u00eancia Social, promoveu a distribui\u00e7\u00e3o de peixes na Semana Santa, uma a\u00e7\u00e3o que beneficiou a popula\u00e7\u00e3o mais carente da cidade. A distribui\u00e7\u00e3o aconteceu da seguinte forma: Na sede do munic\u00edpio o pescado foi distribu\u00eddo na Quadra do Col\u00e9gio S\u00e3o Vicente, onde se formou uma imensa fila. J\u00e1 nas comunidades rurais como Prata, Gigante e Serrinha da Prata foram entregues tanto porta a porta, como em pontos estrat\u00e9gicos, fazendo assim com que toda a popula\u00e7\u00e3o recebesse seu esperado peixe da Semana Santa. Foi o s\u00e9timo ano que a Prefeitura realiza este trabalho, sendo um dos primeiros na regi\u00e3o a desenvolver a a\u00e7\u00e3o.<\/p>\n<p><img loading=\"lazy\" decoding=\"async\" class=\"aligncenter wp-image-7633\" src=\"https:\/\/saloanoticias.com\/v1\/wp-content\/uploads\/2019\/04\/Peixe_3.jpg\" alt=\"\" width=\"955\" height=\"537\" srcset=\"https:\/\/www.saloanoticias.com\/v1\/wp-content\/uploads\/2019\/04\/Peixe_3.jpg 800w, https:\/\/www.saloanoticias.com\/v1\/wp-content\/uploads\/2019\/04\/Peixe_3-300x169.jpg 300w, https:\/\/www.saloanoticias.com\/v1\/wp-content\/uploads\/2019\/04\/Peixe_3-768x432.jpg 768w\" sizes=\"auto, (max-width: 955px) 100vw, 955px\" \/><\/p>\n<p><img loading=\"lazy\" decoding=\"async\" class=\"aligncenter wp-image-7632\" src=\"https:\/\/saloanoticias.com\/v1\/wp-content\/uploads\/2019\/04\/Peixe_7.jpg\" alt=\"\" width=\"949\" height=\"534\" srcset=\"https:\/\/www.saloanoticias.com\/v1\/wp-content\/uploads\/2019\/04\/Peixe_7.jpg 800w, https:\/\/www.saloanoticias.com\/v1\/wp-content\/uploads\/2019\/04\/Peixe_7-300x169.jpg 300w, https:\/\/www.saloanoticias.com\/v1\/wp-content\/uploads\/2019\/04\/Peixe_7-768x432.jpg 768w\" sizes=\"auto, (max-width: 949px) 100vw, 949px\" \/><\/p>\n<div style=\"margin-top: 0px; margin-bottom: 0px;\" class=\"sharethis-inline-share-buttons\" ><\/div>","protected":false},"excerpt":{"rendered":"<p>Na \u00faltima ter\u00e7a feira (16\/04), a Prefeitura Municipal de Salo\u00e1, atrav\u00e9s da Secretaria Municipal de Assist\u00eancia Social, promoveu a distribui\u00e7\u00e3o de peixes na Semana Santa, uma a\u00e7\u00e3o que beneficiou a popula\u00e7\u00e3o mais carente da cidade. A distribui\u00e7\u00e3o aconteceu da seguinte forma: Na sede do munic\u00edpio o pescado foi distribu\u00eddo na Quadra do Col\u00e9gio S\u00e3o Vicente, [&hellip;]<\/p>\n","protected":false},"author":2,"featured_media":7631,"comment_status":"open","ping_status":"open","sticky":false,"template":"","format":"standard","meta":{"footnotes":""},"categories":[2],"tags":[],"class_list":["post-7630","post","type-post","status-publish","format-standard","has-post-thumbnail","hentry","category-noticias-do-dia"],"_links":{"self":[{"href":"https:\/\/www.saloanoticias.com\/v1\/wp-json\/wp\/v2\/posts\/7630","targetHints":{"allow":["GET"]}}],"collection":[{"href":"https:\/\/www.saloanoticias.com\/v1\/wp-json\/wp\/v2\/posts"}],"about":[{"href":"https:\/\/www.saloanoticias.com\/v1\/wp-json\/wp\/v2\/types\/post"}],"author":[{"embeddable":true,"href":"https:\/\/www.saloanoticias.com\/v1\/wp-json\/wp\/v2\/users\/2"}],"replies":[{"embeddable":true,"href":"https:\/\/www.saloanoticias.com\/v1\/wp-json\/wp\/v2\/comments?post=7630"}],"version-history":[{"count":2,"href":"https:\/\/www.saloanoticias.com\/v1\/wp-json\/wp\/v2\/posts\/7630\/revisions"}],"predecessor-version":[{"id":7635,"href":"https:\/\/www.saloanoticias.com\/v1\/wp-json\/wp\/v2\/posts\/7630\/revisions\/7635"}],"wp:featuredmedia":[{"embeddable":true,"href":"https:\/\/www.saloanoticias.com\/v1\/wp-json\/wp\/v2\/media\/7631"}],"wp:attachment":[{"href":"https:\/\/www.saloanoticias.com\/v1\/wp-json\/wp\/v2\/media?parent=7630"}],"wp:term":[{"taxonomy":"category","embeddable":true,"href":"https:\/\/www.saloanoticias.com\/v1\/wp-json\/wp\/v2\/categories?post=7630"},{"taxonomy":"post_tag","embeddable":true,"href":"https:\/\/www.saloanoticias.com\/v1\/wp-json\/wp\/v2\/tags?post=7630"}],"curies":[{"name":"wp","href":"https:\/\/api.w.org\/{rel}","templated":true}]}}