{"id":7623,"date":"2019-04-19T21:22:28","date_gmt":"2019-04-19T21:22:28","guid":{"rendered":"https:\/\/saloanoticias.com\/v1\/?p=7623"},"modified":"2019-04-19T21:22:46","modified_gmt":"2019-04-19T21:22:46","slug":"tratores-realizam-aracoes-de-terras-na-zona-rural-de-saloa","status":"publish","type":"post","link":"https:\/\/www.saloanoticias.com\/v1\/tratores-realizam-aracoes-de-terras-na-zona-rural-de-saloa\/","title":{"rendered":"TRATORES REALIZAM ARA\u00c7\u00d5ES DE TERRAS NA ZONA RURAL DE SALO\u00c1"},"content":{"rendered":"<p><img decoding=\"async\" class=\"aligncenter size-full wp-image-7624\" src=\"https:\/\/saloanoticias.com\/v1\/wp-content\/uploads\/2019\/04\/aracao-terra-saloa.png\" alt=\"\" \/>A Prefeitura de Salo\u00e1\/PE, atrav\u00e9s da Secretaria Municipal de Infraestrutura e Servi\u00e7os P\u00fablicos, iniciou os trabalhos de ara\u00e7\u00e3o de terras para os agricultores do munic\u00edpio, com um servi\u00e7o a custo zero para as comunidades. Os trabalhos iniciaram nos s\u00edtios: Pindoba, Riach\u00e3o, Meladinho, Ex\u00fa e Santo Ant\u00f4nio.<\/p>\n<p><img loading=\"lazy\" decoding=\"async\" width=\"1080\" height=\"607\" class=\"aligncenter size-full wp-image-7625\" src=\"https:\/\/saloanoticias.com\/v1\/wp-content\/uploads\/2019\/04\/saloa-agricultura.png\" alt=\"\" srcset=\"https:\/\/www.saloanoticias.com\/v1\/wp-content\/uploads\/2019\/04\/saloa-agricultura.png 1080w, https:\/\/www.saloanoticias.com\/v1\/wp-content\/uploads\/2019\/04\/saloa-agricultura-300x169.png 300w, https:\/\/www.saloanoticias.com\/v1\/wp-content\/uploads\/2019\/04\/saloa-agricultura-1024x576.png 1024w, https:\/\/www.saloanoticias.com\/v1\/wp-content\/uploads\/2019\/04\/saloa-agricultura-768x432.png 768w\" sizes=\"auto, (max-width: 1080px) 100vw, 1080px\" \/><\/p>\n<p>De acordo com o secret\u00e1rio Maruim, a a\u00e7\u00e3o \u00e9 mais um incentivo da prefeitura, que tem como finalidade fomentar a produ\u00e7\u00e3o agr\u00edcola e beneficiar cada fam\u00edlia da regi\u00e3o. \u2018\u2019Estamos cedendo ara\u00e7\u00f5es das terras para nossos agricultores, proporcionando mais melhorias no plantio e manejo com a terra. Dessa forma, trazendo mais conforto e rentabilidade, apoiando a nossa agricultura familiar \u2019\u2019 \u2013 afirma.<\/p>\n<p>&nbsp;<\/p>\n<div style=\"margin-top: 0px; margin-bottom: 0px;\" class=\"sharethis-inline-share-buttons\" ><\/div>","protected":false},"excerpt":{"rendered":"<p>A Prefeitura de Salo\u00e1\/PE, atrav\u00e9s da Secretaria Municipal de Infraestrutura e Servi\u00e7os P\u00fablicos, iniciou os trabalhos de ara\u00e7\u00e3o de terras para os agricultores do munic\u00edpio, com um servi\u00e7o a custo zero para as comunidades. Os trabalhos iniciaram nos s\u00edtios: Pindoba, Riach\u00e3o, Meladinho, Ex\u00fa e Santo Ant\u00f4nio. De acordo com o secret\u00e1rio Maruim, a a\u00e7\u00e3o \u00e9 [&hellip;]<\/p>\n","protected":false},"author":2,"featured_media":0,"comment_status":"open","ping_status":"open","sticky":false,"template":"","format":"standard","meta":{"footnotes":""},"categories":[2],"tags":[],"class_list":["post-7623","post","type-post","status-publish","format-standard","hentry","category-noticias-do-dia"],"_links":{"self":[{"href":"https:\/\/www.saloanoticias.com\/v1\/wp-json\/wp\/v2\/posts\/7623","targetHints":{"allow":["GET"]}}],"collection":[{"href":"https:\/\/www.saloanoticias.com\/v1\/wp-json\/wp\/v2\/posts"}],"about":[{"href":"https:\/\/www.saloanoticias.com\/v1\/wp-json\/wp\/v2\/types\/post"}],"author":[{"embeddable":true,"href":"https:\/\/www.saloanoticias.com\/v1\/wp-json\/wp\/v2\/users\/2"}],"replies":[{"embeddable":true,"href":"https:\/\/www.saloanoticias.com\/v1\/wp-json\/wp\/v2\/comments?post=7623"}],"version-history":[{"count":1,"href":"https:\/\/www.saloanoticias.com\/v1\/wp-json\/wp\/v2\/posts\/7623\/revisions"}],"predecessor-version":[{"id":7626,"href":"https:\/\/www.saloanoticias.com\/v1\/wp-json\/wp\/v2\/posts\/7623\/revisions\/7626"}],"wp:attachment":[{"href":"https:\/\/www.saloanoticias.com\/v1\/wp-json\/wp\/v2\/media?parent=7623"}],"wp:term":[{"taxonomy":"category","embeddable":true,"href":"https:\/\/www.saloanoticias.com\/v1\/wp-json\/wp\/v2\/categories?post=7623"},{"taxonomy":"post_tag","embeddable":true,"href":"https:\/\/www.saloanoticias.com\/v1\/wp-json\/wp\/v2\/tags?post=7623"}],"curies":[{"name":"wp","href":"https:\/\/api.w.org\/{rel}","templated":true}]}}