{"id":7615,"date":"2019-04-17T00:42:07","date_gmt":"2019-04-17T00:42:07","guid":{"rendered":"https:\/\/saloanoticias.com\/v1\/?p=7615"},"modified":"2019-04-17T00:55:13","modified_gmt":"2019-04-17T00:55:13","slug":"ingred-souto-e-ze-maria-neto-sao-vice-campeoes-pernambucanos-de-judo","status":"publish","type":"post","link":"https:\/\/www.saloanoticias.com\/v1\/ingred-souto-e-ze-maria-neto-sao-vice-campeoes-pernambucanos-de-judo\/","title":{"rendered":"INGRED SOUTO E Z\u00c9 MARIA NETO S\u00c3O VICE-CAMPE\u00d5ES PERNAMBUCANOS DE JUD\u00d4"},"content":{"rendered":"<p><img loading=\"lazy\" decoding=\"async\" width=\"1280\" height=\"1280\" class=\"aligncenter size-full wp-image-7616\" src=\"https:\/\/saloanoticias.com\/v1\/wp-content\/uploads\/2019\/04\/WhatsApp-Image-2019-04-15-at-10.27.21.jpeg\" alt=\"\" srcset=\"https:\/\/www.saloanoticias.com\/v1\/wp-content\/uploads\/2019\/04\/WhatsApp-Image-2019-04-15-at-10.27.21.jpeg 1280w, https:\/\/www.saloanoticias.com\/v1\/wp-content\/uploads\/2019\/04\/WhatsApp-Image-2019-04-15-at-10.27.21-300x300.jpeg 300w, https:\/\/www.saloanoticias.com\/v1\/wp-content\/uploads\/2019\/04\/WhatsApp-Image-2019-04-15-at-10.27.21-1024x1024.jpeg 1024w, https:\/\/www.saloanoticias.com\/v1\/wp-content\/uploads\/2019\/04\/WhatsApp-Image-2019-04-15-at-10.27.21-150x150.jpeg 150w, https:\/\/www.saloanoticias.com\/v1\/wp-content\/uploads\/2019\/04\/WhatsApp-Image-2019-04-15-at-10.27.21-768x768.jpeg 768w, https:\/\/www.saloanoticias.com\/v1\/wp-content\/uploads\/2019\/04\/WhatsApp-Image-2019-04-15-at-10.27.21-80x80.jpeg 80w\" sizes=\"auto, (max-width: 1280px) 100vw, 1280px\" \/>Aconteceu no \u00faltimo s\u00e1bado, dia 13 de abril de 2019, no Gin\u00e1sio de Esportes Marcelino Lopes, na Ilha do Retiro, casa do SPORT CLUBE do Recife, a 1\u00b0 Fase do Campeonato Pernambucano de Jud\u00f4. A Associa\u00e7\u00e3o CARLOS TEVANO levou seus atletas para participarem do maior evento do Estado de Pernambuco. O Campeonato Pernambucano de Jud\u00f4 contou com diversas associa\u00e7\u00f5es e academias renomadas reunindo atletas dos quatro cantos do Estado, do Agreste, e Regi\u00e3o Metropolitana da capital.<\/p>\n<p>O grande evento foi realizado pela FEDERA\u00c7\u00c3O PERNAMBUCANA DE JUD\u00d4 (FPJU) e contou com o total apoio da CBJ CONFEDERA\u00c7\u00c3O BRASILEIRA DE JUD\u00d4. Nesta importante competi\u00e7\u00e3o dois saloaenses se destacaram, foram eles Ingrid Souto e Jos\u00e9 Maria Neto, mais conhecido por Neto, que fez quatro lutas at\u00e9 chegar a disputa final, sendo medalhista de prata em suas respectivas categorias. Os dois atletas j\u00e1 vem se destacando em v\u00e1rias competi\u00e7\u00f5es e agora puderam ter o reconhecimento de vice-campe\u00f5es em todo o Estado. Atualmente, Ingrid e Neto vem se esfor\u00e7ando bastante para dar muito orgulho aos saloaenses.<\/p>\n<p style=\"text-align: center;\">1\u00b0 Fase do Campeonato Pernambucano de Jud\u00f4, realizado no \u00faltimo final de semana em Recife, na Ilha do retiro, onde a ACT &#8211; ASSOCIA\u00c7\u00c3O CARLOS TEVANO se fez presente com 26 atletas e trouxe 18 medalhas na bagagem.<\/p>\n<p style=\"text-align: center;\"><strong>Resultado final:<\/strong><\/p>\n<p style=\"text-align: center;\"><strong>CAMPE\u00d5ES:<\/strong><br \/>\n<strong>Carlos Tevano Filho\u00a0<\/strong><br \/>\n<strong>Marcus Vinicius Freitas<\/strong><br \/>\n<strong>Emannuel Clemente<\/strong><br \/>\n<strong>Gabriel Cavalcante<\/strong><br \/>\n<strong>Adenilson Ferreira<\/strong><\/p>\n<p style=\"text-align: center;\"><strong>VICE CAMPE\u00d5ES:<\/strong><br \/>\n<strong>Rafael D&#8217;Lucca Amaral<\/strong><br \/>\n<strong>J\u00falio C\u00e9sar Vilela<\/strong><br \/>\n<strong>Jos\u00e9 Maria Neto<\/strong><br \/>\n<strong>Ingrid Souto<\/strong><br \/>\n<strong>Emannuel Clemente<\/strong><br \/>\n<strong>Pedro Vitor de Ara\u00fajo<\/strong><br \/>\n<strong>Joseph Agey<\/strong><\/p>\n<p style=\"text-align: center;\"><strong>BRONZE:<\/strong><br \/>\n<strong>Miguel Arcanjo Amaral<\/strong><br \/>\n<strong>Marc\u00edlio Emanuel Alves<\/strong><br \/>\n<strong>Emerson Eduardo Pina<\/strong><br \/>\n<strong>Gisl\u00e2nio dos Santos<\/strong><br \/>\n<strong>Thiago Maia<\/strong><br \/>\n<strong>Carlos Amonr\u00e1<\/strong><\/p>\n<p style=\"text-align: center;\"><strong>5\u00b0 colocados:<\/strong><br \/>\n<strong>Giudicelli Elias<\/strong><br \/>\n<strong>Carlos Tevano<\/strong><br \/>\n<strong>Alec Breno<\/strong><br \/>\n<strong>Jo\u00e3o Victor Santos<\/strong><\/p>\n<p style=\"text-align: center;\"><strong>7\u00b0 Colocados<\/strong><br \/>\n<strong>Charles Gabriel sousa<\/strong><br \/>\n<strong>Herbert Antony<\/strong><br \/>\n<strong>David Vin\u00edcius Silva<\/strong><br \/>\n<strong>Ant\u00f4nio Marcos J\u00fanior<\/strong><\/p>\n<div style=\"margin-top: 0px; margin-bottom: 0px;\" class=\"sharethis-inline-share-buttons\" ><\/div>","protected":false},"excerpt":{"rendered":"<p>Aconteceu no \u00faltimo s\u00e1bado, dia 13 de abril de 2019, no Gin\u00e1sio de Esportes Marcelino Lopes, na Ilha do Retiro, casa do SPORT CLUBE do Recife, a 1\u00b0 Fase do Campeonato Pernambucano de Jud\u00f4. A Associa\u00e7\u00e3o CARLOS TEVANO levou seus atletas para participarem do maior evento do Estado de Pernambuco. O Campeonato Pernambucano de Jud\u00f4 [&hellip;]<\/p>\n","protected":false},"author":2,"featured_media":7618,"comment_status":"open","ping_status":"open","sticky":false,"template":"","format":"standard","meta":{"footnotes":""},"categories":[2],"tags":[],"class_list":["post-7615","post","type-post","status-publish","format-standard","has-post-thumbnail","hentry","category-noticias-do-dia"],"_links":{"self":[{"href":"https:\/\/www.saloanoticias.com\/v1\/wp-json\/wp\/v2\/posts\/7615","targetHints":{"allow":["GET"]}}],"collection":[{"href":"https:\/\/www.saloanoticias.com\/v1\/wp-json\/wp\/v2\/posts"}],"about":[{"href":"https:\/\/www.saloanoticias.com\/v1\/wp-json\/wp\/v2\/types\/post"}],"author":[{"embeddable":true,"href":"https:\/\/www.saloanoticias.com\/v1\/wp-json\/wp\/v2\/users\/2"}],"replies":[{"embeddable":true,"href":"https:\/\/www.saloanoticias.com\/v1\/wp-json\/wp\/v2\/comments?post=7615"}],"version-history":[{"count":5,"href":"https:\/\/www.saloanoticias.com\/v1\/wp-json\/wp\/v2\/posts\/7615\/revisions"}],"predecessor-version":[{"id":7622,"href":"https:\/\/www.saloanoticias.com\/v1\/wp-json\/wp\/v2\/posts\/7615\/revisions\/7622"}],"wp:featuredmedia":[{"embeddable":true,"href":"https:\/\/www.saloanoticias.com\/v1\/wp-json\/wp\/v2\/media\/7618"}],"wp:attachment":[{"href":"https:\/\/www.saloanoticias.com\/v1\/wp-json\/wp\/v2\/media?parent=7615"}],"wp:term":[{"taxonomy":"category","embeddable":true,"href":"https:\/\/www.saloanoticias.com\/v1\/wp-json\/wp\/v2\/categories?post=7615"},{"taxonomy":"post_tag","embeddable":true,"href":"https:\/\/www.saloanoticias.com\/v1\/wp-json\/wp\/v2\/tags?post=7615"}],"curies":[{"name":"wp","href":"https:\/\/api.w.org\/{rel}","templated":true}]}}