{"id":7603,"date":"2019-04-17T00:06:43","date_gmt":"2019-04-17T00:06:43","guid":{"rendered":"https:\/\/saloanoticias.com\/v1\/?p=7603"},"modified":"2019-04-17T00:09:22","modified_gmt":"2019-04-17T00:09:22","slug":"toffoli-e-citado-na-lava-jato-e-stf-manda-retirar-materia-do-ar","status":"publish","type":"post","link":"https:\/\/www.saloanoticias.com\/v1\/toffoli-e-citado-na-lava-jato-e-stf-manda-retirar-materia-do-ar\/","title":{"rendered":"TOFFOLI \u00c9 CITADO NA LAVA JATO E STF CENSURA MAT\u00c9RIA DO SITE O ANTAGONISTA"},"content":{"rendered":"<p><img loading=\"lazy\" decoding=\"async\" width=\"1200\" height=\"800\" class=\"aligncenter size-full wp-image-7604\" src=\"https:\/\/saloanoticias.com\/v1\/wp-content\/uploads\/2019\/04\/1200px-Toffoli_aniversario_da_constitui\u00e7\u00e3o.jpg\" alt=\"\" srcset=\"https:\/\/www.saloanoticias.com\/v1\/wp-content\/uploads\/2019\/04\/1200px-Toffoli_aniversario_da_constitui\u00e7\u00e3o.jpg 1200w, https:\/\/www.saloanoticias.com\/v1\/wp-content\/uploads\/2019\/04\/1200px-Toffoli_aniversario_da_constitui\u00e7\u00e3o-300x200.jpg 300w, https:\/\/www.saloanoticias.com\/v1\/wp-content\/uploads\/2019\/04\/1200px-Toffoli_aniversario_da_constitui\u00e7\u00e3o-1024x683.jpg 1024w, https:\/\/www.saloanoticias.com\/v1\/wp-content\/uploads\/2019\/04\/1200px-Toffoli_aniversario_da_constitui\u00e7\u00e3o-768x512.jpg 768w\" sizes=\"auto, (max-width: 1200px) 100vw, 1200px\" \/>O ministro do\u00a0<span style=\"color: #000000;\"><a style=\"font-style: inherit; color: #000000;\" href=\"https:\/\/g1.globo.com\/tudo-sobre\/supremo-tribunal-federal\/\">Supremo Tribunal Federal\u00a0<\/a>(STF)\u00a0<a style=\"font-style: inherit; color: #000000;\" href=\"https:\/\/g1.globo.com\/tudo-sobre\/alexandre-de-moraes\/\">Alexandre de Moraes<\/a>\u00a0determinou nesta segunda-feira (15) que o site &#8220;O Antagonista&#8221; e a revista &#8220;Cruso\u00e9&#8221; retirem do ar reportagens e notas que citam o presidente da Corte,\u00a0<a style=\"font-style: inherit; color: #000000;\" href=\"https:\/\/g1.globo.com\/tudo-sobre\/dias-toffoli\/\">Dias Toffoli<\/a>. Moraes estipulou multa di\u00e1ria de R$ 100 mil e mandou a Pol\u00edcia Federal ouvir os respons\u00e1veis do site e da revista em at\u00e9 72 horas. &#8220;Determino q<\/span>ue o site &#8216;O Antagonista&#8217; e a revista &#8216;Cruso\u00e9&#8217; retirem, imediatamente, dos respectivos ambientes virtuais a mat\u00e9ria intitulada &#8216;O amigo do amigo de meu pai&#8217; e todas as postagens subsequentes que tratem sobre o assunto, sob pena de multa di\u00e1ria de R$ 100.000,00 (cem mil reais), cujo prazo ser\u00e1 contado a partir da intima\u00e7\u00e3o dos respons\u00e1veis.<\/p>\n<p>A Pol\u00edcia Federal dever\u00e1 intimar os respons\u00e1veis pelo site &#8216;O Antagonista&#8217; e pela Revista &#8216;Cruso\u00e9&#8217; para que prestem depoimentos no prazo de 72 horas&#8221;, diz a decis\u00e3o. Alexandre de Moraes decidiu sobre a quest\u00e3o porque \u00e9 relator de um inqu\u00e9rito aberto no m\u00eas passado para apurar not\u00edcias fraudulentas que possam ferir a honra dos ministros ou vazamentos de informa\u00e7\u00f5es sobre integrantes da Corte. Segundo reportagem publicada pela revista na quinta (11), a defesa do empres\u00e1rio Marcelo Odebrecht juntou em um dos processos contra ele na Justi\u00e7a Federal em Curitiba um documento no qual esclareceu que um personagem mencionado em email, o &#8220;amigo do amigo do meu pai&#8221;, era Dias Toffoli, que, na \u00e9poca, era advogado-geral da Uni\u00e3o.<\/p>\n<p data-track-category=\"Link no Texto\" data-track-links=\"\">Conforme a reportagem, no e-mail, Marcelo tratava com o advogado da empresa \u2013 Adriano Maia \u2013 e com outro executivo da Odebrecht \u2013 Irineu Meireles \u2013 sobre se tinham &#8220;fechado&#8221; com o &#8220;amigo do amigo&#8221;. N\u00e3o h\u00e1 men\u00e7\u00e3o a dinheiro ou a pagamentos de nenhuma esp\u00e9cie no e-mail. Ao ser questionado pela for\u00e7a-tarefa da Lava Jato, o empres\u00e1rio respondeu: &#8220;Refere-se a tratativas que Adriano Maia tinha com a AGU sobre temas envolvendo as hidrel\u00e9tricas do Rio Madeira. &#8216;Amigo do amigo de meu pai&#8217; se refere a Jos\u00e9 Ant\u00f4nio Dias Toffoli&#8221;. Toffoli era o advogado-geral da Uni\u00e3o entre 2007 e 2009, no governo Luiz In\u00e1cio Lula da Silva.<\/p>\n<p data-track-category=\"Link no Texto\" data-track-links=\"\">Segundo a revista, o conte\u00fado foi enviado \u00e0 Procuradoria Geral da Rep\u00fablica para que Raquel Dodge analise se quer ou n\u00e3o investigar o fato. Em nota oficial divulgada na sexta, a PGR afirmou que n\u00e3o recebeu nenhum material e n\u00e3o comentou o conte\u00fado da reportagem: &#8220;Ao contr\u00e1rio do que afirma o site &#8216;O Antagonista&#8217;, a Procuradoria-Geral da Rep\u00fablica (PGR) n\u00e3o recebeu nem da for\u00e7a-tarefa Lava Jato no Paran\u00e1 e nem do delegado que preside o inqu\u00e9rito 1365\/2015 qualquer informa\u00e7\u00e3o que teria sido entregue pelo colaborador Marcelo Odebrecht em que ele afirma que a descri\u00e7\u00e3o &#8216;amigo do amigo de meu pai&#8217; refere-se ao presidente do Supremo Tribunal Federal (STF), Dias Toffoli&#8221;.<\/p>\n<p data-track-category=\"Link no Texto\" data-track-links=\"\">Na pr\u00f3pria sexta, segundo a decis\u00e3o de Alexandre de Moraes, Toffoli mandou mensagem pedindo apura\u00e7\u00e3o, com o seguinte teor:\u00a0 &#8220;Permita-me o uso desse meio para uma formaliza\u00e7\u00e3o, haja vista estar fora do Brasil. Diante de mentiras e ataques e da nota ora divulgada pela PGR que encaminho abaixo, requeiro a V. Exa. Autorizando transformar em termo est\u00e1 mensagem, a devida apura\u00e7\u00e3o das mentiras rec\u00e9m divulgadas por pessoas e sites ign\u00f3beis que querem atingir as institui\u00e7\u00f5es brasileiras&#8221;, afirmou o presidente do Supremo. Na decis\u00e3o, o ministro Alexandre de Moraes cita que o esclarecimento feito pela PGR &#8220;tornam falsas as afirma\u00e7\u00f5es veiculadas na mat\u00e9ria \u201cO amigo do amigo de meu pai\u201d, em t\u00f3pico exemplo de fake news \u2013 o que exige a interven\u00e7\u00e3o do Poder Judici\u00e1rio&#8221;.<\/p>\n<p data-track-category=\"Link no Texto\" data-track-links=\"\">&#8220;A plena prote\u00e7\u00e3o constitucional da exterioriza\u00e7\u00e3o da opini\u00e3o (aspecto positivo) n\u00e3o constitui cl\u00e1usula de isen\u00e7\u00e3o de eventual responsabilidade por publica\u00e7\u00f5es injuriosas e difamat\u00f3rias, que, contudo, dever\u00e3o ser analisadas sempre a posteriori, jamais como restri\u00e7\u00e3o pr\u00e9via e gen\u00e9rica \u00e0 liberdade de manifesta\u00e7\u00e3o&#8221;, afirmou. Segundo a assessoria de imprensa do Supremo Tribunal Federal, n\u00e3o se trata de censura pr\u00e9via \u2013 proibida pela Constitui\u00e7\u00e3o \u2013 mas sim de responsabiliza\u00e7\u00e3o pela publica\u00e7\u00e3o de material supostamente criminoso e ilegal. Conforme o tribunal, o ministro Alexandre de Moraes se baseou em nota da Procuradoria Geral da Rep\u00fablica, que afirmou n\u00e3o ter recebido qualquer informa\u00e7\u00e3o do Paran\u00e1, ao contr\u00e1rio do que disse a reportagem.<\/p>\n<p data-track-category=\"Link no Texto\" data-track-links=\"\">A TV Globo confirmou que o documento de fato foi anexado aos autos da Lava a Jato , no dia 9 de abril, e seu conte\u00fado \u00e9 o que a revista descreve. O documento, por\u00e9m, n\u00e3o chegou \u00e0 Procuradoria Geral da Rep\u00fablica. Nesta segunda-feira (15), a TV Globo verificou que o documento n\u00e3o mais consta do autos. Em 12 de abril, um dia ap\u00f3s a publica\u00e7\u00e3o da reportagem, o juiz da 13\u00aa Vara, Luiz Antonio Bonat, intimou a PF e o MPF a se manifestarem. No mesmo dia, o documento foi retirado do processo. N\u00e3o se sabe as raz\u00f5es. O documento n\u00e3o \u00e9 assinado por Marcelo Odebrecht, mas por seus advogados.<\/p>\n<p data-track-category=\"Link no Texto\" data-track-links=\"\">O diretor da revista Cruso\u00e9, Rodrigo Rangel, disse que &#8220;reitera o teor da reportagem, baseada em documento, e registra, mais uma vez, que a decis\u00e3o [de Moraes] se apega a uma nota da Procuradoria-Geral da Rep\u00fablica sobre um detalhe lateral e utiliza tal manifesta\u00e7\u00e3o para tratar como fake news uma informa\u00e7\u00e3o absolutamente ver\u00eddica, que consta dos autos da Lava Jato\u201d.\u00a0Rangel afirma tamb\u00e9m: \u201cImporta lembrar, ainda, que, embora tenha solicitado provid\u00eancias ao colega Alexandre de Moraes ainda na sexta-feira, o ministro Dias Toffoli n\u00e3o respondeu \u00e0s perguntas que lhe foram enviadas antes da publica\u00e7\u00e3o da reportagem agora censurada\u201d. <em>Fonte: Globo.com<\/em><\/p>\n<p>&nbsp;<\/p>\n<div style=\"margin-top: 0px; margin-bottom: 0px;\" class=\"sharethis-inline-share-buttons\" ><\/div>","protected":false},"excerpt":{"rendered":"<p>O ministro do\u00a0Supremo Tribunal Federal\u00a0(STF)\u00a0Alexandre de Moraes\u00a0determinou nesta segunda-feira (15) que o site &#8220;O Antagonista&#8221; e a revista &#8220;Cruso\u00e9&#8221; retirem do ar reportagens e notas que citam o presidente da Corte,\u00a0Dias Toffoli. Moraes estipulou multa di\u00e1ria de R$ 100 mil e mandou a Pol\u00edcia Federal ouvir os respons\u00e1veis do site e da revista em at\u00e9 [&hellip;]<\/p>\n","protected":false},"author":2,"featured_media":7604,"comment_status":"open","ping_status":"open","sticky":false,"template":"","format":"standard","meta":{"footnotes":""},"categories":[2],"tags":[],"class_list":["post-7603","post","type-post","status-publish","format-standard","has-post-thumbnail","hentry","category-noticias-do-dia"],"_links":{"self":[{"href":"https:\/\/www.saloanoticias.com\/v1\/wp-json\/wp\/v2\/posts\/7603","targetHints":{"allow":["GET"]}}],"collection":[{"href":"https:\/\/www.saloanoticias.com\/v1\/wp-json\/wp\/v2\/posts"}],"about":[{"href":"https:\/\/www.saloanoticias.com\/v1\/wp-json\/wp\/v2\/types\/post"}],"author":[{"embeddable":true,"href":"https:\/\/www.saloanoticias.com\/v1\/wp-json\/wp\/v2\/users\/2"}],"replies":[{"embeddable":true,"href":"https:\/\/www.saloanoticias.com\/v1\/wp-json\/wp\/v2\/comments?post=7603"}],"version-history":[{"count":5,"href":"https:\/\/www.saloanoticias.com\/v1\/wp-json\/wp\/v2\/posts\/7603\/revisions"}],"predecessor-version":[{"id":7609,"href":"https:\/\/www.saloanoticias.com\/v1\/wp-json\/wp\/v2\/posts\/7603\/revisions\/7609"}],"wp:featuredmedia":[{"embeddable":true,"href":"https:\/\/www.saloanoticias.com\/v1\/wp-json\/wp\/v2\/media\/7604"}],"wp:attachment":[{"href":"https:\/\/www.saloanoticias.com\/v1\/wp-json\/wp\/v2\/media?parent=7603"}],"wp:term":[{"taxonomy":"category","embeddable":true,"href":"https:\/\/www.saloanoticias.com\/v1\/wp-json\/wp\/v2\/categories?post=7603"},{"taxonomy":"post_tag","embeddable":true,"href":"https:\/\/www.saloanoticias.com\/v1\/wp-json\/wp\/v2\/tags?post=7603"}],"curies":[{"name":"wp","href":"https:\/\/api.w.org\/{rel}","templated":true}]}}