{"id":7600,"date":"2019-04-17T20:12:28","date_gmt":"2019-04-17T20:12:28","guid":{"rendered":"https:\/\/saloanoticias.com\/v1\/?p=7600"},"modified":"2019-04-17T20:12:28","modified_gmt":"2019-04-17T20:12:28","slug":"danilo-cabral-defende-mais-recursos-para-o-suas","status":"publish","type":"post","link":"https:\/\/www.saloanoticias.com\/v1\/danilo-cabral-defende-mais-recursos-para-o-suas\/","title":{"rendered":"DANILO CABRAL DEFENDE MAIS RECURSOS PARA O SUAS"},"content":{"rendered":"<p><img loading=\"lazy\" decoding=\"async\" width=\"960\" height=\"640\" class=\"aligncenter size-full wp-image-7601\" src=\"https:\/\/saloanoticias.com\/v1\/wp-content\/uploads\/2019\/04\/danilo-andrea-saloa.jpg\" alt=\"\" srcset=\"https:\/\/www.saloanoticias.com\/v1\/wp-content\/uploads\/2019\/04\/danilo-andrea-saloa.jpg 960w, https:\/\/www.saloanoticias.com\/v1\/wp-content\/uploads\/2019\/04\/danilo-andrea-saloa-300x200.jpg 300w, https:\/\/www.saloanoticias.com\/v1\/wp-content\/uploads\/2019\/04\/danilo-andrea-saloa-768x512.jpg 768w\" sizes=\"auto, (max-width: 960px) 100vw, 960px\" \/>A Frente Parlamentar em Defesa do Sistema \u00danico de Assist\u00eancia Social (SUAS) ser\u00e1 lan\u00e7ada nesta ter\u00e7a-feira (16) em Bras\u00edlia. Durante o evento, tamb\u00e9m haver\u00e1 um ato em defesa do or\u00e7amento do SUAS, que sofreu um corte de R$ 2,3 bilh\u00f5es neste ano. \u201cA aus\u00eancia desses recursos no or\u00e7amento do SUAS poder\u00e1 prejudicar o funcionamento de todo o sistema, inclusive dos Centros de Refer\u00eancia de Assist\u00eancia Social (CRAS) em todo pa\u00eds\u201d, afirma o deputado federal Danilo Cabral (PSB), presidente da Frente em Defesa do SUAS.<\/p>\n<p>Segundo o deputado, o mais grave \u00e9 que n\u00e3o h\u00e1 sinaliza\u00e7\u00e3o de recomposi\u00e7\u00e3o desse or\u00e7amento pelo governo federal. No in\u00edcio desta Legislatura, Danilo Cabral encaminhou requerimentos com pedidos de informa\u00e7\u00e3o ao governo, cobrando a recomposi\u00e7\u00e3o desses recursos. Em resposta, Minist\u00e9rio da Economia relatou que o Minist\u00e9rio da Cidadania solicitou a recomposi\u00e7\u00e3o dos R$ 2,3 bilh\u00f5es para o SUAS, mas que n\u00e3o seria atendido. Para obter esses recursos, seria necess\u00e1rio que o ministro Osmar Terra retirasse recursos de outras da pr\u00f3pria pasta.<\/p>\n<p>\u201cO impeditivo, segundo o Minist\u00e9rio da Economia, \u00e9 a Emenda Constitucional 95, o teto dos gastos. Mais uma vez, vemos o qu\u00e3o nociva esta medida tem sido para as pol\u00edticas sociais\u201d, criticou Danilo Cabral. O deputado destacou que as \u00e1reas de Educa\u00e7\u00e3o, Sa\u00fade e Seguridade Social est\u00e3o perdendo investimentos desde a aprova\u00e7\u00e3o da PEC no governo do ex-presidente Michel Temer. \u201cEstamos vivenciando um verdadeiro desmonte das pol\u00edticas sociais neste governo\u201d, acrescentou.<\/p>\n<p>Os cortes na assist\u00eancia social na Lei Or\u00e7ament\u00e1ria Anual (LOA) de 2019 foram duros. Al\u00e9m dos R$ 2,3 bilh\u00f5es do sistema, o governo federal cortou R$ 30 bilh\u00f5es para o pagamento do Benef\u00edcio de Presta\u00e7\u00e3o Continuada (BPC) e R$ 6 bilh\u00f5es do Bolsa Fam\u00edlia. Os recursos para o custeio dos benef\u00edcios ficaram condicionados ao envio de projeto de cr\u00e9dito suplementar pelo Executivo. A partir da press\u00e3o da Frente em Defesa do SUAS, o governo encaminhou a mat\u00e9ria, que est\u00e1 em an\u00e1lise na Comiss\u00e3o de Or\u00e7amento da C\u00e2mara dos Deputados.<\/p>\n<p>\u201c\u00c9 uma medida importante para a popula\u00e7\u00e3o mais vulner\u00e1vel do pa\u00eds, mas o governo ainda n\u00e3o recomp\u00f4s o or\u00e7amento para o funcionamento do SUAS. Nossa luta para garantir os recursos para que os servi\u00e7os da assist\u00eancia social, ent\u00e3o, continua\u201d, afirmou o deputado Danilo Cabral. Nesta semana, ele vai procurar o presidente do colegiado, senador Marcelo Castro (MDB-PI), para solicitar agilidade na tramita\u00e7\u00e3o da mat\u00e9ria, que ainda aguarda designa\u00e7\u00e3o de relator. <em>Foto: Chico Ferreira<\/em><\/p>\n<div style=\"margin-top: 0px; margin-bottom: 0px;\" class=\"sharethis-inline-share-buttons\" ><\/div>","protected":false},"excerpt":{"rendered":"<p>A Frente Parlamentar em Defesa do Sistema \u00danico de Assist\u00eancia Social (SUAS) ser\u00e1 lan\u00e7ada nesta ter\u00e7a-feira (16) em Bras\u00edlia. Durante o evento, tamb\u00e9m haver\u00e1 um ato em defesa do or\u00e7amento do SUAS, que sofreu um corte de R$ 2,3 bilh\u00f5es neste ano. \u201cA aus\u00eancia desses recursos no or\u00e7amento do SUAS poder\u00e1 prejudicar o funcionamento de [&hellip;]<\/p>\n","protected":false},"author":2,"featured_media":7601,"comment_status":"open","ping_status":"open","sticky":false,"template":"","format":"standard","meta":{"footnotes":""},"categories":[2],"tags":[],"class_list":["post-7600","post","type-post","status-publish","format-standard","has-post-thumbnail","hentry","category-noticias-do-dia"],"_links":{"self":[{"href":"https:\/\/www.saloanoticias.com\/v1\/wp-json\/wp\/v2\/posts\/7600","targetHints":{"allow":["GET"]}}],"collection":[{"href":"https:\/\/www.saloanoticias.com\/v1\/wp-json\/wp\/v2\/posts"}],"about":[{"href":"https:\/\/www.saloanoticias.com\/v1\/wp-json\/wp\/v2\/types\/post"}],"author":[{"embeddable":true,"href":"https:\/\/www.saloanoticias.com\/v1\/wp-json\/wp\/v2\/users\/2"}],"replies":[{"embeddable":true,"href":"https:\/\/www.saloanoticias.com\/v1\/wp-json\/wp\/v2\/comments?post=7600"}],"version-history":[{"count":1,"href":"https:\/\/www.saloanoticias.com\/v1\/wp-json\/wp\/v2\/posts\/7600\/revisions"}],"predecessor-version":[{"id":7602,"href":"https:\/\/www.saloanoticias.com\/v1\/wp-json\/wp\/v2\/posts\/7600\/revisions\/7602"}],"wp:featuredmedia":[{"embeddable":true,"href":"https:\/\/www.saloanoticias.com\/v1\/wp-json\/wp\/v2\/media\/7601"}],"wp:attachment":[{"href":"https:\/\/www.saloanoticias.com\/v1\/wp-json\/wp\/v2\/media?parent=7600"}],"wp:term":[{"taxonomy":"category","embeddable":true,"href":"https:\/\/www.saloanoticias.com\/v1\/wp-json\/wp\/v2\/categories?post=7600"},{"taxonomy":"post_tag","embeddable":true,"href":"https:\/\/www.saloanoticias.com\/v1\/wp-json\/wp\/v2\/tags?post=7600"}],"curies":[{"name":"wp","href":"https:\/\/api.w.org\/{rel}","templated":true}]}}