{"id":7591,"date":"2019-04-15T23:43:54","date_gmt":"2019-04-15T23:43:54","guid":{"rendered":"https:\/\/saloanoticias.com\/v1\/?p=7591"},"modified":"2019-04-15T23:57:42","modified_gmt":"2019-04-15T23:57:42","slug":"outro-acidente-na-serra-dos-ventos-deixa-dois-mortos","status":"publish","type":"post","link":"https:\/\/www.saloanoticias.com\/v1\/outro-acidente-na-serra-dos-ventos-deixa-dois-mortos\/","title":{"rendered":"OUTRO ACIDENTE NA SERRA DOS VENTOS DEIXA DOIS MORTOS"},"content":{"rendered":"<p><img loading=\"lazy\" decoding=\"async\" class=\"aligncenter wp-image-7592\" src=\"https:\/\/saloanoticias.com\/v1\/wp-content\/uploads\/2019\/04\/caminhoneiro-morre-acidente-fatal-serra-dos-ventgos-agreste-violento-.gif\" alt=\"\" width=\"1010\" height=\"758\" \/>Uma carreta capotou, matou o motorista e a passageira na tarde do \u00faltimo s\u00e1bado (13), no Km-133, na BR-423, na Serra dos Ventos, em Salo\u00e1, no Agreste de Pernambuco. A Pol\u00edcia Rodovi\u00e1ria Federal identificou o homem como sendo Silomar Batista da Silva, de 47 anos, ele conduzia a carreta carregada de piso cer\u00e2mico, quando saiu da pista, o ve\u00edculo tombou derramando a carga e deixando ele preso \u00e0s ferragens, o corpo da mulher que ainda n\u00e3o foi identificada foi encontrado na manh\u00e3 do domingo (14) debaixo dos destro\u00e7os.<\/p>\n<p><img loading=\"lazy\" decoding=\"async\" class=\" wp-image-7593 alignleft\" src=\"https:\/\/saloanoticias.com\/v1\/wp-content\/uploads\/2019\/04\/caminhoneiro-morre-acidente-fatal-serra-dos-ventgos-agreste-violento-.jpg\" alt=\"\" width=\"143\" height=\"164\" \/><\/p>\n<p>O Samu chegou a ser acionado na tentativa de salvar o motorista, mas ele teve morte instant\u00e2nea, o corpo de Bombeiros retirou os corpos das ferragens e ap\u00f3s a per\u00edcia foram encaminhados pela Pol\u00edcia Civil para o Instituto de Medicina Legal (IML) de Caruaru. Segundo as informa\u00e7\u00f5es colhidas, a v\u00edtima Silomar \u00e9 natural de S\u00e3o Paulo e a mulher \u00e9 de Caruaru. As fam\u00edlias das v\u00edtimas estiveram nesta segunda-feira na cidade de Salo\u00e1 para recolher documentos e bens pessoais da v\u00edtimas. Silomar ser\u00e1 levado para S\u00e3o Paulo, onde ser\u00e1 sepultado e a mulher ser\u00e1 enterrada em Caruaru no Agreste Pernambucano. Este \u00e9 mais um acidente que aumenta as estat\u00edsticas de acidentes da Serra dos Ventos. <em>Com informa\u00e7\u00f5es e fotos do Blog Agreste Violento<\/em><\/p>\n<div style=\"margin-top: 0px; margin-bottom: 0px;\" class=\"sharethis-inline-share-buttons\" ><\/div>","protected":false},"excerpt":{"rendered":"<p>Uma carreta capotou, matou o motorista e a passageira na tarde do \u00faltimo s\u00e1bado (13), no Km-133, na BR-423, na Serra dos Ventos, em Salo\u00e1, no Agreste de Pernambuco. A Pol\u00edcia Rodovi\u00e1ria Federal identificou o homem como sendo Silomar Batista da Silva, de 47 anos, ele conduzia a carreta carregada de piso cer\u00e2mico, quando saiu [&hellip;]<\/p>\n","protected":false},"author":2,"featured_media":7595,"comment_status":"open","ping_status":"open","sticky":false,"template":"","format":"standard","meta":{"footnotes":""},"categories":[2],"tags":[],"class_list":["post-7591","post","type-post","status-publish","format-standard","has-post-thumbnail","hentry","category-noticias-do-dia"],"_links":{"self":[{"href":"https:\/\/www.saloanoticias.com\/v1\/wp-json\/wp\/v2\/posts\/7591","targetHints":{"allow":["GET"]}}],"collection":[{"href":"https:\/\/www.saloanoticias.com\/v1\/wp-json\/wp\/v2\/posts"}],"about":[{"href":"https:\/\/www.saloanoticias.com\/v1\/wp-json\/wp\/v2\/types\/post"}],"author":[{"embeddable":true,"href":"https:\/\/www.saloanoticias.com\/v1\/wp-json\/wp\/v2\/users\/2"}],"replies":[{"embeddable":true,"href":"https:\/\/www.saloanoticias.com\/v1\/wp-json\/wp\/v2\/comments?post=7591"}],"version-history":[{"count":5,"href":"https:\/\/www.saloanoticias.com\/v1\/wp-json\/wp\/v2\/posts\/7591\/revisions"}],"predecessor-version":[{"id":7599,"href":"https:\/\/www.saloanoticias.com\/v1\/wp-json\/wp\/v2\/posts\/7591\/revisions\/7599"}],"wp:featuredmedia":[{"embeddable":true,"href":"https:\/\/www.saloanoticias.com\/v1\/wp-json\/wp\/v2\/media\/7595"}],"wp:attachment":[{"href":"https:\/\/www.saloanoticias.com\/v1\/wp-json\/wp\/v2\/media?parent=7591"}],"wp:term":[{"taxonomy":"category","embeddable":true,"href":"https:\/\/www.saloanoticias.com\/v1\/wp-json\/wp\/v2\/categories?post=7591"},{"taxonomy":"post_tag","embeddable":true,"href":"https:\/\/www.saloanoticias.com\/v1\/wp-json\/wp\/v2\/tags?post=7591"}],"curies":[{"name":"wp","href":"https:\/\/api.w.org\/{rel}","templated":true}]}}