{"id":7584,"date":"2019-04-14T22:05:38","date_gmt":"2019-04-14T22:05:38","guid":{"rendered":"https:\/\/saloanoticias.com\/v1\/?p=7584"},"modified":"2019-04-15T02:32:34","modified_gmt":"2019-04-15T02:32:34","slug":"confira-a-programacao-oficial-da-semana-santa-dos-catolicos-em-saloa","status":"publish","type":"post","link":"https:\/\/www.saloanoticias.com\/v1\/confira-a-programacao-oficial-da-semana-santa-dos-catolicos-em-saloa\/","title":{"rendered":"CONFIRA A PROGRAMA\u00c7\u00c3O OFICIAL DA SEMANA SANTA DOS CAT\u00d3LICOS EM SALO\u00c1"},"content":{"rendered":"<p>Teve in\u00edcio hoje (14\/04), a programa\u00e7\u00e3o oficial da igreja Cat\u00f3lica na cidade de Salo\u00e1\/PE em celebra\u00e7\u00e3o a Semana Santa. Os Cat\u00f3licos participaram neste domingo da chama Prociss\u00e3o de &#8220;Domingo de Ramos&#8221; que retrata a passagem b\u00edblica quando Jesus entrou em um jumentinho na cidade de Jerusal\u00e9m antes de sua morte e ressurrei\u00e7\u00e3o. Dezenas de fi\u00e9is participaram da celebra\u00e7\u00e3o que terminou com uma missa na quadra da escola S\u00e3o Vicente. Confira abaixo a programa\u00e7\u00e3o oficial da par\u00f3quia de S\u00e3o Vicente de Paulo para a Semana da Paix\u00e3o no Munic\u00edpio. <em>Com informa\u00e7\u00f5es da Par\u00f3quia de S\u00e3o Vicente de Paulo de Salo\u00e1\/PE<\/em><\/p>\n<p><img loading=\"lazy\" decoding=\"async\" class=\"aligncenter wp-image-7585\" src=\"https:\/\/saloanoticias.com\/v1\/wp-content\/uploads\/2019\/04\/WhatsApp-Image-2019-04-14-at-17.12.31.jpeg\" alt=\"\" width=\"1032\" height=\"1518\" srcset=\"https:\/\/www.saloanoticias.com\/v1\/wp-content\/uploads\/2019\/04\/WhatsApp-Image-2019-04-14-at-17.12.31.jpeg 870w, https:\/\/www.saloanoticias.com\/v1\/wp-content\/uploads\/2019\/04\/WhatsApp-Image-2019-04-14-at-17.12.31-204x300.jpeg 204w, https:\/\/www.saloanoticias.com\/v1\/wp-content\/uploads\/2019\/04\/WhatsApp-Image-2019-04-14-at-17.12.31-696x1024.jpeg 696w, https:\/\/www.saloanoticias.com\/v1\/wp-content\/uploads\/2019\/04\/WhatsApp-Image-2019-04-14-at-17.12.31-768x1130.jpeg 768w\" sizes=\"auto, (max-width: 1032px) 100vw, 1032px\" \/><\/p>\n<div style=\"margin-top: 0px; margin-bottom: 0px;\" class=\"sharethis-inline-share-buttons\" ><\/div>","protected":false},"excerpt":{"rendered":"<p>Teve in\u00edcio hoje (14\/04), a programa\u00e7\u00e3o oficial da igreja Cat\u00f3lica na cidade de Salo\u00e1\/PE em celebra\u00e7\u00e3o a Semana Santa. Os Cat\u00f3licos participaram neste domingo da chama Prociss\u00e3o de &#8220;Domingo de Ramos&#8221; que retrata a passagem b\u00edblica quando Jesus entrou em um jumentinho na cidade de Jerusal\u00e9m antes de sua morte e ressurrei\u00e7\u00e3o. Dezenas de fi\u00e9is [&hellip;]<\/p>\n","protected":false},"author":2,"featured_media":7586,"comment_status":"open","ping_status":"open","sticky":false,"template":"","format":"standard","meta":{"footnotes":""},"categories":[2],"tags":[],"class_list":["post-7584","post","type-post","status-publish","format-standard","has-post-thumbnail","hentry","category-noticias-do-dia"],"_links":{"self":[{"href":"https:\/\/www.saloanoticias.com\/v1\/wp-json\/wp\/v2\/posts\/7584","targetHints":{"allow":["GET"]}}],"collection":[{"href":"https:\/\/www.saloanoticias.com\/v1\/wp-json\/wp\/v2\/posts"}],"about":[{"href":"https:\/\/www.saloanoticias.com\/v1\/wp-json\/wp\/v2\/types\/post"}],"author":[{"embeddable":true,"href":"https:\/\/www.saloanoticias.com\/v1\/wp-json\/wp\/v2\/users\/2"}],"replies":[{"embeddable":true,"href":"https:\/\/www.saloanoticias.com\/v1\/wp-json\/wp\/v2\/comments?post=7584"}],"version-history":[{"count":4,"href":"https:\/\/www.saloanoticias.com\/v1\/wp-json\/wp\/v2\/posts\/7584\/revisions"}],"predecessor-version":[{"id":7590,"href":"https:\/\/www.saloanoticias.com\/v1\/wp-json\/wp\/v2\/posts\/7584\/revisions\/7590"}],"wp:featuredmedia":[{"embeddable":true,"href":"https:\/\/www.saloanoticias.com\/v1\/wp-json\/wp\/v2\/media\/7586"}],"wp:attachment":[{"href":"https:\/\/www.saloanoticias.com\/v1\/wp-json\/wp\/v2\/media?parent=7584"}],"wp:term":[{"taxonomy":"category","embeddable":true,"href":"https:\/\/www.saloanoticias.com\/v1\/wp-json\/wp\/v2\/categories?post=7584"},{"taxonomy":"post_tag","embeddable":true,"href":"https:\/\/www.saloanoticias.com\/v1\/wp-json\/wp\/v2\/tags?post=7584"}],"curies":[{"name":"wp","href":"https:\/\/api.w.org\/{rel}","templated":true}]}}