{"id":7565,"date":"2019-04-13T13:49:12","date_gmt":"2019-04-13T13:49:12","guid":{"rendered":"https:\/\/saloanoticias.com\/v1\/?p=7565"},"modified":"2019-04-13T14:11:23","modified_gmt":"2019-04-13T14:11:23","slug":"prefeito-de-saloa-concede-aumento-aos-professores-da-rede-municipal-de-ensino","status":"publish","type":"post","link":"https:\/\/www.saloanoticias.com\/v1\/prefeito-de-saloa-concede-aumento-aos-professores-da-rede-municipal-de-ensino\/","title":{"rendered":"PREFEITO DE SALO\u00c1 CONCEDE AUMENTO AOS PROFESSORES DA REDE MUNICIPAL"},"content":{"rendered":"<h4 style=\"text-align: justify; line-height: 17.25pt; background: white; vertical-align: baseline; margin: 0cm 0cm 22.5pt 0cm;\"><\/h4>\n<p><img loading=\"lazy\" decoding=\"async\" class=\"aligncenter wp-image-7009\" src=\"https:\/\/saloanoticias.com\/v1\/wp-content\/uploads\/2019\/02\/ricardo-alves-saloa.jpg\" alt=\"\" width=\"1350\" height=\"894\" srcset=\"https:\/\/www.saloanoticias.com\/v1\/wp-content\/uploads\/2019\/02\/ricardo-alves-saloa.jpg 906w, https:\/\/www.saloanoticias.com\/v1\/wp-content\/uploads\/2019\/02\/ricardo-alves-saloa-300x199.jpg 300w, https:\/\/www.saloanoticias.com\/v1\/wp-content\/uploads\/2019\/02\/ricardo-alves-saloa-768x509.jpg 768w\" sizes=\"auto, (max-width: 1350px) 100vw, 1350px\" \/>Os professores da rede municipal de Salo\u00e1 ter\u00e3o reajuste no sal\u00e1rio de 4,20%, em cumprimento a Lei Federal n\u00ba 11.738 do piso salarial do magist\u00e9rio, determinado pelo Minist\u00e9rio da Educa\u00e7\u00e3o. O projeto foi enviado \u00e0 C\u00e2mara Municipal em mar\u00e7o deste ano, votado e aprovado por unanimidade dos vereadores presentes na sess\u00e3o legislativa desta quinta-feira (11\/04) e encaminhado para a san\u00e7\u00e3o do prefeito Ricardo Alves. Esse \u00edndice foi lan\u00e7ado para toda categoria e ser\u00e1 pago retroativo ao \u00faltimo m\u00eas de janeiro.<\/p>\n<p>\u201cEu, como gestor atual do munic\u00edpio, farei todo esfor\u00e7o para que a educa\u00e7\u00e3o da nossa cidade seja sempre valorizada e isso passa, inicialmente, pelo reconhecimento a todo corpo docente de Salo\u00e1\u201d, disse Ricardo. Vale salientar que o reajuste do piso ficou acima do estabelecido na lei federal e beneficia todos os professores da rede municipal de ensino.<\/p>\n<h4 style=\"text-align: justify; line-height: 17.25pt; background: white; vertical-align: baseline; margin: 0cm 0cm 22.5pt 0cm;\"><span style=\"font-family: 'Arial Narrow','sans-serif'; color: #666666;\">\u00a0<\/span><\/h4>\n<div style=\"margin-top: 0px; margin-bottom: 0px;\" class=\"sharethis-inline-share-buttons\" ><\/div>","protected":false},"excerpt":{"rendered":"<p>Os professores da rede municipal de Salo\u00e1 ter\u00e3o reajuste no sal\u00e1rio de 4,20%, em cumprimento a Lei Federal n\u00ba 11.738 do piso salarial do magist\u00e9rio, determinado pelo Minist\u00e9rio da Educa\u00e7\u00e3o. O projeto foi enviado \u00e0 C\u00e2mara Municipal em mar\u00e7o deste ano, votado e aprovado por unanimidade dos vereadores presentes na sess\u00e3o legislativa desta quinta-feira (11\/04) [&hellip;]<\/p>\n","protected":false},"author":2,"featured_media":7009,"comment_status":"open","ping_status":"open","sticky":false,"template":"","format":"standard","meta":{"footnotes":""},"categories":[2],"tags":[],"class_list":["post-7565","post","type-post","status-publish","format-standard","has-post-thumbnail","hentry","category-noticias-do-dia"],"_links":{"self":[{"href":"https:\/\/www.saloanoticias.com\/v1\/wp-json\/wp\/v2\/posts\/7565","targetHints":{"allow":["GET"]}}],"collection":[{"href":"https:\/\/www.saloanoticias.com\/v1\/wp-json\/wp\/v2\/posts"}],"about":[{"href":"https:\/\/www.saloanoticias.com\/v1\/wp-json\/wp\/v2\/types\/post"}],"author":[{"embeddable":true,"href":"https:\/\/www.saloanoticias.com\/v1\/wp-json\/wp\/v2\/users\/2"}],"replies":[{"embeddable":true,"href":"https:\/\/www.saloanoticias.com\/v1\/wp-json\/wp\/v2\/comments?post=7565"}],"version-history":[{"count":10,"href":"https:\/\/www.saloanoticias.com\/v1\/wp-json\/wp\/v2\/posts\/7565\/revisions"}],"predecessor-version":[{"id":7575,"href":"https:\/\/www.saloanoticias.com\/v1\/wp-json\/wp\/v2\/posts\/7565\/revisions\/7575"}],"wp:featuredmedia":[{"embeddable":true,"href":"https:\/\/www.saloanoticias.com\/v1\/wp-json\/wp\/v2\/media\/7009"}],"wp:attachment":[{"href":"https:\/\/www.saloanoticias.com\/v1\/wp-json\/wp\/v2\/media?parent=7565"}],"wp:term":[{"taxonomy":"category","embeddable":true,"href":"https:\/\/www.saloanoticias.com\/v1\/wp-json\/wp\/v2\/categories?post=7565"},{"taxonomy":"post_tag","embeddable":true,"href":"https:\/\/www.saloanoticias.com\/v1\/wp-json\/wp\/v2\/tags?post=7565"}],"curies":[{"name":"wp","href":"https:\/\/api.w.org\/{rel}","templated":true}]}}