{"id":7552,"date":"2019-04-11T22:51:27","date_gmt":"2019-04-11T22:51:27","guid":{"rendered":"https:\/\/saloanoticias.com\/v1\/?p=7552"},"modified":"2019-04-11T23:44:03","modified_gmt":"2019-04-11T23:44:03","slug":"prefeitura-de-saloa-vai-distribuir-peixe-as-familias-carentes-na-semana-santa","status":"publish","type":"post","link":"https:\/\/www.saloanoticias.com\/v1\/prefeitura-de-saloa-vai-distribuir-peixe-as-familias-carentes-na-semana-santa\/","title":{"rendered":"PREFEITURA DE SALO\u00c1 VAI DISTRIBUIR PEIXE \u00c0S FAM\u00cdLIAS CARENTES NA SEMANA SANTA"},"content":{"rendered":"<p><img loading=\"lazy\" decoding=\"async\" class=\"aligncenter wp-image-7553\" src=\"https:\/\/saloanoticias.com\/v1\/wp-content\/uploads\/2019\/04\/peixe.jpg\" alt=\"\" width=\"1180\" height=\"746\" srcset=\"https:\/\/www.saloanoticias.com\/v1\/wp-content\/uploads\/2019\/04\/peixe.jpg 848w, https:\/\/www.saloanoticias.com\/v1\/wp-content\/uploads\/2019\/04\/peixe-300x190.jpg 300w, https:\/\/www.saloanoticias.com\/v1\/wp-content\/uploads\/2019\/04\/peixe-768x485.jpg 768w\" sizes=\"auto, (max-width: 1180px) 100vw, 1180px\" \/>O prefeito Ricardo Alves (MDB), confirmou a entrega do tradicional peixe da Semana Santa para as fam\u00edlias do Munic\u00edpio, mas, a Secretaria de Assist\u00eancia Social comunica que est\u00e1 sendo realizado o cadastramento para a distribui\u00e7\u00e3o do peixe, nos povoados, distrito de Iatec\u00e1 e nas \u00e1reas rurais em pontos estrat\u00e9gicos. Na sede do munic\u00edpio os cadastros est\u00e3o sendo feitos porta a porta pelas equipes do CRAS, trazendo mais comodidade para os cidad\u00e3os saloaenses.<\/p>\n<p><img loading=\"lazy\" decoding=\"async\" width=\"960\" height=\"960\" class=\"aligncenter size-full wp-image-7557\" src=\"https:\/\/saloanoticias.com\/v1\/wp-content\/uploads\/2019\/04\/peixe-2.jpg\" alt=\"\" srcset=\"https:\/\/www.saloanoticias.com\/v1\/wp-content\/uploads\/2019\/04\/peixe-2.jpg 960w, https:\/\/www.saloanoticias.com\/v1\/wp-content\/uploads\/2019\/04\/peixe-2-300x300.jpg 300w, https:\/\/www.saloanoticias.com\/v1\/wp-content\/uploads\/2019\/04\/peixe-2-150x150.jpg 150w, https:\/\/www.saloanoticias.com\/v1\/wp-content\/uploads\/2019\/04\/peixe-2-768x768.jpg 768w, https:\/\/www.saloanoticias.com\/v1\/wp-content\/uploads\/2019\/04\/peixe-2-80x80.jpg 80w\" sizes=\"auto, (max-width: 960px) 100vw, 960px\" \/><\/p>\n<p>Reafirmando o compromisso da gest\u00e3o municipal, esse ano ser\u00e1 realizada mais uma entrega de peixes \u00e0 popula\u00e7\u00e3o e os cadastros acontecem durantes os dias 11, 12 e 15 de abril e, a entrega, ser\u00e1 na pr\u00f3xima ter\u00e7a feira (16\/04), disse o secret\u00e1rio Carlos Ouro Preto. Vale salientar que este \u00e9 o s\u00e9timo ano da entrega do peixe no Munic\u00edpio, ou seja, desde o primeiro ano do governo do prefeito Ricardo Alves a a\u00e7\u00e3o vem sendo realizada.<\/p>\n<div style=\"margin-top: 0px; margin-bottom: 0px;\" class=\"sharethis-inline-share-buttons\" ><\/div>","protected":false},"excerpt":{"rendered":"<p>O prefeito Ricardo Alves (MDB), confirmou a entrega do tradicional peixe da Semana Santa para as fam\u00edlias do Munic\u00edpio, mas, a Secretaria de Assist\u00eancia Social comunica que est\u00e1 sendo realizado o cadastramento para a distribui\u00e7\u00e3o do peixe, nos povoados, distrito de Iatec\u00e1 e nas \u00e1reas rurais em pontos estrat\u00e9gicos. Na sede do munic\u00edpio os cadastros [&hellip;]<\/p>\n","protected":false},"author":2,"featured_media":7555,"comment_status":"open","ping_status":"open","sticky":false,"template":"","format":"standard","meta":{"footnotes":""},"categories":[2],"tags":[],"class_list":["post-7552","post","type-post","status-publish","format-standard","has-post-thumbnail","hentry","category-noticias-do-dia"],"_links":{"self":[{"href":"https:\/\/www.saloanoticias.com\/v1\/wp-json\/wp\/v2\/posts\/7552","targetHints":{"allow":["GET"]}}],"collection":[{"href":"https:\/\/www.saloanoticias.com\/v1\/wp-json\/wp\/v2\/posts"}],"about":[{"href":"https:\/\/www.saloanoticias.com\/v1\/wp-json\/wp\/v2\/types\/post"}],"author":[{"embeddable":true,"href":"https:\/\/www.saloanoticias.com\/v1\/wp-json\/wp\/v2\/users\/2"}],"replies":[{"embeddable":true,"href":"https:\/\/www.saloanoticias.com\/v1\/wp-json\/wp\/v2\/comments?post=7552"}],"version-history":[{"count":9,"href":"https:\/\/www.saloanoticias.com\/v1\/wp-json\/wp\/v2\/posts\/7552\/revisions"}],"predecessor-version":[{"id":7564,"href":"https:\/\/www.saloanoticias.com\/v1\/wp-json\/wp\/v2\/posts\/7552\/revisions\/7564"}],"wp:featuredmedia":[{"embeddable":true,"href":"https:\/\/www.saloanoticias.com\/v1\/wp-json\/wp\/v2\/media\/7555"}],"wp:attachment":[{"href":"https:\/\/www.saloanoticias.com\/v1\/wp-json\/wp\/v2\/media?parent=7552"}],"wp:term":[{"taxonomy":"category","embeddable":true,"href":"https:\/\/www.saloanoticias.com\/v1\/wp-json\/wp\/v2\/categories?post=7552"},{"taxonomy":"post_tag","embeddable":true,"href":"https:\/\/www.saloanoticias.com\/v1\/wp-json\/wp\/v2\/tags?post=7552"}],"curies":[{"name":"wp","href":"https:\/\/api.w.org\/{rel}","templated":true}]}}