{"id":7540,"date":"2019-04-10T00:21:44","date_gmt":"2019-04-10T00:21:44","guid":{"rendered":"https:\/\/saloanoticias.com\/v1\/?p=7540"},"modified":"2019-04-10T01:37:04","modified_gmt":"2019-04-10T01:37:04","slug":"ieadpe-em-saloa-realizou-festa-dos-adoradores-da-ultima-hora","status":"publish","type":"post","link":"https:\/\/www.saloanoticias.com\/v1\/ieadpe-em-saloa-realizou-festa-dos-adoradores-da-ultima-hora\/","title":{"rendered":"IEADPE EM SALO\u00c1 REALIZOU FESTA DOS ADORADORES DA \u00daLTIMA HORA"},"content":{"rendered":"<p><img loading=\"lazy\" decoding=\"async\" width=\"800\" height=\"600\" class=\"aligncenter size-full wp-image-7541\" src=\"https:\/\/saloanoticias.com\/v1\/wp-content\/uploads\/2019\/04\/ieadpe-saloa.gif\" alt=\"\" \/>A IEADPE &#8211; Igreja Evang\u00e9lica Assembleia de Deus &#8211; filial em Salo\u00e1\/PE, realizou o 1\u00ba Anivers\u00e1rio do Grupo Masculino Adoradores da \u00daltima Hora no \u00faltimo final de semana no templo sede da igreja localizada na Rua Rold\u00e3o Ten\u00f3rio Cavalcante, n\u00ba. 100, no centro da cidade. Foram momentos de festa mas tamb\u00e9m de reflex\u00e3o atrav\u00e9s da santa Palavra de Deus. No s\u00e1bado a prega\u00e7\u00e3o ficou por conta do presb\u00edtero Evandro da cidade de Bezerros\/PE, e no domingo a ministra\u00e7\u00e3o ficou com o pastor Regotier Martins que trouxe uma grande mensagem da parte de Deus. Ainda participaram do evento v\u00e1rios conjuntos masculinos vindos de outras cidades, entre eles o grupo de homens da congrega\u00e7\u00e3o do Timb\u00ed em Camaragibe\/PE e o da IEADPE de Paranatama.<\/p>\n<p>Na noite do domingo (7), o templo ficou lotado sendo o culto encerrado por volta das 22h depois dos agradecimentos feitos pelo dirigente do conjunto, o irm\u00e3o Joselito F\u00e9lix. Segundo a dire\u00e7\u00e3o da Igreja, durante os dias de festa aconteceram convers\u00f5es, renova\u00e7\u00e3o e muito poder da parte de Deus. A IEADPE em Salo\u00e1 tem a dire\u00e7\u00e3o local do pastor Regotier Martins e a dire\u00e7\u00e3o geral do pastor Ailton Jos\u00e9 Alves e realiza cultos nos dias de ter\u00e7as, quintas e domingos.<\/p>\n<div style=\"margin-top: 0px; margin-bottom: 0px;\" class=\"sharethis-inline-share-buttons\" ><\/div>","protected":false},"excerpt":{"rendered":"<p>A IEADPE &#8211; Igreja Evang\u00e9lica Assembleia de Deus &#8211; filial em Salo\u00e1\/PE, realizou o 1\u00ba Anivers\u00e1rio do Grupo Masculino Adoradores da \u00daltima Hora no \u00faltimo final de semana no templo sede da igreja localizada na Rua Rold\u00e3o Ten\u00f3rio Cavalcante, n\u00ba. 100, no centro da cidade. Foram momentos de festa mas tamb\u00e9m de reflex\u00e3o atrav\u00e9s da [&hellip;]<\/p>\n","protected":false},"author":2,"featured_media":7544,"comment_status":"open","ping_status":"open","sticky":false,"template":"","format":"standard","meta":{"footnotes":""},"categories":[2],"tags":[],"class_list":["post-7540","post","type-post","status-publish","format-standard","has-post-thumbnail","hentry","category-noticias-do-dia"],"_links":{"self":[{"href":"https:\/\/www.saloanoticias.com\/v1\/wp-json\/wp\/v2\/posts\/7540","targetHints":{"allow":["GET"]}}],"collection":[{"href":"https:\/\/www.saloanoticias.com\/v1\/wp-json\/wp\/v2\/posts"}],"about":[{"href":"https:\/\/www.saloanoticias.com\/v1\/wp-json\/wp\/v2\/types\/post"}],"author":[{"embeddable":true,"href":"https:\/\/www.saloanoticias.com\/v1\/wp-json\/wp\/v2\/users\/2"}],"replies":[{"embeddable":true,"href":"https:\/\/www.saloanoticias.com\/v1\/wp-json\/wp\/v2\/comments?post=7540"}],"version-history":[{"count":8,"href":"https:\/\/www.saloanoticias.com\/v1\/wp-json\/wp\/v2\/posts\/7540\/revisions"}],"predecessor-version":[{"id":7551,"href":"https:\/\/www.saloanoticias.com\/v1\/wp-json\/wp\/v2\/posts\/7540\/revisions\/7551"}],"wp:featuredmedia":[{"embeddable":true,"href":"https:\/\/www.saloanoticias.com\/v1\/wp-json\/wp\/v2\/media\/7544"}],"wp:attachment":[{"href":"https:\/\/www.saloanoticias.com\/v1\/wp-json\/wp\/v2\/media?parent=7540"}],"wp:term":[{"taxonomy":"category","embeddable":true,"href":"https:\/\/www.saloanoticias.com\/v1\/wp-json\/wp\/v2\/categories?post=7540"},{"taxonomy":"post_tag","embeddable":true,"href":"https:\/\/www.saloanoticias.com\/v1\/wp-json\/wp\/v2\/tags?post=7540"}],"curies":[{"name":"wp","href":"https:\/\/api.w.org\/{rel}","templated":true}]}}