{"id":7535,"date":"2019-04-09T23:51:12","date_gmt":"2019-04-09T23:51:12","guid":{"rendered":"https:\/\/saloanoticias.com\/v1\/?p=7535"},"modified":"2019-04-09T23:53:01","modified_gmt":"2019-04-09T23:53:01","slug":"bolsonaro-vai-anunciar-o-13o-salario-do-bolsa-familia-nesta-quarta-10","status":"publish","type":"post","link":"https:\/\/www.saloanoticias.com\/v1\/bolsonaro-vai-anunciar-o-13o-salario-do-bolsa-familia-nesta-quarta-10\/","title":{"rendered":"BOLSONARO VAI ANUNCIAR O 13\u00ba SAL\u00c1RIO DO BOLSA FAM\u00cdLIA NESTA QUARTA (10)"},"content":{"rendered":"<p><img loading=\"lazy\" decoding=\"async\" class=\" wp-image-7536 alignright\" src=\"https:\/\/saloanoticias.com\/v1\/wp-content\/uploads\/2019\/04\/jairbolsonaro-ce264ef81bef75bdec61fd63d038ceeb-1200x600.jpg\" alt=\"\" width=\"545\" height=\"273\" srcset=\"https:\/\/www.saloanoticias.com\/v1\/wp-content\/uploads\/2019\/04\/jairbolsonaro-ce264ef81bef75bdec61fd63d038ceeb-1200x600.jpg 1200w, https:\/\/www.saloanoticias.com\/v1\/wp-content\/uploads\/2019\/04\/jairbolsonaro-ce264ef81bef75bdec61fd63d038ceeb-1200x600-300x150.jpg 300w, https:\/\/www.saloanoticias.com\/v1\/wp-content\/uploads\/2019\/04\/jairbolsonaro-ce264ef81bef75bdec61fd63d038ceeb-1200x600-1024x512.jpg 1024w, https:\/\/www.saloanoticias.com\/v1\/wp-content\/uploads\/2019\/04\/jairbolsonaro-ce264ef81bef75bdec61fd63d038ceeb-1200x600-768x384.jpg 768w\" sizes=\"auto, (max-width: 545px) 100vw, 545px\" \/>O presidente Jair Bolsonaro disse nesta ter\u00e7a-feira (9) que vai anunciar na quarta (10) a implementa\u00e7\u00e3o do 13\u00ba sal\u00e1rio no programa Bolsa Fam\u00edlia. Bolsonaro fez um discurso durante um evento da Confedera\u00e7\u00e3o Nacional dos Munic\u00edpios (CNM), em Bras\u00edlia. A plateia era formada, em grande parte, por prefeitos de todo o pa\u00eds. &#8220;N\u00f3s somos defensores do Bolsa Fam\u00edlia. Tanto \u00e9 que anunciaremos o 13\u00ba amanh\u00e3 (quarta)&#8221;, afirmou o presidente. &#8220;Mas o que tira o homem da situa\u00e7\u00e3o dif\u00edcil em que se encontra, ou a mulher, \u00e9 o conhecimento\u201d, completou. Incluir o 13\u00ba no pagamento do programa social\u00a0<span style=\"color: #000000;\"><a style=\"font-style: inherit; color: #000000;\" href=\"https:\/\/g1.globo.com\/rj\/rio-de-janeiro\/eleicoes\/2018\/noticia\/2018\/10\/10\/apos-vice-criticar-13o-psl-diz-que-se-eleito-bolsonaro-vai-estender-beneficio-ao-bolsa-familia.ghtml\"><strong>era uma promessa de Bolsonaro<\/strong><\/a>\u00a0d<\/span>esde a campanha eleitoral do ano passado.<\/p>\n<p><strong>Como funciona o Bolsa Fam\u00edlia: <\/strong>O Bolsa Fam\u00edlia \u00e9 concedido a fam\u00edlias que t\u00eam renda mensal por pessoa de at\u00e9 R$ 89, al\u00e9m daquelas com renda familiar mensal de at\u00e9 R$ 178 por pessoa e que tenham integrantes gestantes, crian\u00e7as ou adolescentes. O valor que cada benefici\u00e1rio recebe varia de acordo com o n\u00famero de pessoas na fam\u00edlia, a idade de cada um e a renda declarada. Atualmente, o programa de transfer\u00eancia de renda do governo federal beneficia 13,7 milh\u00f5es de fam\u00edlia. O Bolsa Fam\u00edlia custou ao governo, em setembro, R$ 2,5 bilh\u00f5es. O valor m\u00e9dio do benef\u00edcio \u00e9 de R$ 188,78.<\/p>\n<p><strong>Reforma da Previd\u00eancia: <\/strong>No discurso para prefeitos, Bolsonaro falou tamb\u00e9m sobre a reforma da Previd\u00eancia. Ele citou uma frase do presidente da C\u00e2mara, Rodrigo Maia (DEM-RJ), que discursou no evento pouco antes. Maia disse que n\u00e3o &#8220;tem prazer&#8221; em reformar a Previd\u00eancia, mas \u00e9 obrigado a isso, diante da situa\u00e7\u00e3o do pa\u00eds. &#8220;Temos uma encruzilhada pela frente. Como disse o Rodrigo Maia aqui, gostar\u00edamos de n\u00e3o ter que fazer a reforma da Previd\u00eancia, mas somos obrigados a faz\u00ea-la&#8221;, disse Bolsonaro.<\/p>\n<p>&#8220;Nessas minhas recentes andan\u00e7as pelo mundo, EUA, Chile e Israel aguardam uma sinaliza\u00e7\u00e3o nossa, que n\u00f3s podemos d\u00e1-la ao mostrar que queremos equilibrar as nossas contas, que n\u00f3s temos responsabilidade&#8221;, completou. Para Maia, se a reforma n\u00e3o for aprovada, pol\u00edticos n\u00e3o conseguir\u00e3o mais sair \u00e0 rua, porque estados e munic\u00edpios perder\u00e3o o controle das contas p\u00fablicas.<\/p>\n<p>\u201cAlgu\u00e9m acha que cada um de n\u00f3s tem um prazer enorme de votar a reforma da Previd\u00eancia, como se fosse uma grande agenda de futuro para o Brasil? N\u00e3o. A reforma da Previd\u00eancia vem organizar o que foi constru\u00eddo ao longo dos \u00faltimos anos. E que, se nada for feito em rela\u00e7\u00e3o \u00e0 Previd\u00eancia, que tamb\u00e9m impacta estados e munic\u00edpios, nenhum de n\u00f3s, pol\u00edticos, vai conseguir sair na rua nunca mais&#8221;, disse o presidente da C\u00e2mara. <em>Fonte: Globo.com<\/em><\/p>\n<div style=\"margin-top: 0px; margin-bottom: 0px;\" class=\"sharethis-inline-share-buttons\" ><\/div>","protected":false},"excerpt":{"rendered":"<p>O presidente Jair Bolsonaro disse nesta ter\u00e7a-feira (9) que vai anunciar na quarta (10) a implementa\u00e7\u00e3o do 13\u00ba sal\u00e1rio no programa Bolsa Fam\u00edlia. Bolsonaro fez um discurso durante um evento da Confedera\u00e7\u00e3o Nacional dos Munic\u00edpios (CNM), em Bras\u00edlia. A plateia era formada, em grande parte, por prefeitos de todo o pa\u00eds. &#8220;N\u00f3s somos defensores do [&hellip;]<\/p>\n","protected":false},"author":2,"featured_media":7536,"comment_status":"open","ping_status":"open","sticky":false,"template":"","format":"standard","meta":{"footnotes":""},"categories":[2],"tags":[],"class_list":["post-7535","post","type-post","status-publish","format-standard","has-post-thumbnail","hentry","category-noticias-do-dia"],"_links":{"self":[{"href":"https:\/\/www.saloanoticias.com\/v1\/wp-json\/wp\/v2\/posts\/7535","targetHints":{"allow":["GET"]}}],"collection":[{"href":"https:\/\/www.saloanoticias.com\/v1\/wp-json\/wp\/v2\/posts"}],"about":[{"href":"https:\/\/www.saloanoticias.com\/v1\/wp-json\/wp\/v2\/types\/post"}],"author":[{"embeddable":true,"href":"https:\/\/www.saloanoticias.com\/v1\/wp-json\/wp\/v2\/users\/2"}],"replies":[{"embeddable":true,"href":"https:\/\/www.saloanoticias.com\/v1\/wp-json\/wp\/v2\/comments?post=7535"}],"version-history":[{"count":3,"href":"https:\/\/www.saloanoticias.com\/v1\/wp-json\/wp\/v2\/posts\/7535\/revisions"}],"predecessor-version":[{"id":7539,"href":"https:\/\/www.saloanoticias.com\/v1\/wp-json\/wp\/v2\/posts\/7535\/revisions\/7539"}],"wp:featuredmedia":[{"embeddable":true,"href":"https:\/\/www.saloanoticias.com\/v1\/wp-json\/wp\/v2\/media\/7536"}],"wp:attachment":[{"href":"https:\/\/www.saloanoticias.com\/v1\/wp-json\/wp\/v2\/media?parent=7535"}],"wp:term":[{"taxonomy":"category","embeddable":true,"href":"https:\/\/www.saloanoticias.com\/v1\/wp-json\/wp\/v2\/categories?post=7535"},{"taxonomy":"post_tag","embeddable":true,"href":"https:\/\/www.saloanoticias.com\/v1\/wp-json\/wp\/v2\/tags?post=7535"}],"curies":[{"name":"wp","href":"https:\/\/api.w.org\/{rel}","templated":true}]}}