{"id":7532,"date":"2019-04-09T00:49:50","date_gmt":"2019-04-09T00:49:50","guid":{"rendered":"https:\/\/saloanoticias.com\/v1\/?p=7532"},"modified":"2019-04-09T00:49:50","modified_gmt":"2019-04-09T00:49:50","slug":"frei-damiao-e-considerado-venerado-pelo-vaticano-e-pode-ser-beatificado","status":"publish","type":"post","link":"https:\/\/www.saloanoticias.com\/v1\/frei-damiao-e-considerado-venerado-pelo-vaticano-e-pode-ser-beatificado\/","title":{"rendered":"FREI DAMI\u00c3O \u00c9 CONSIDERADO VENERADO PELO VATICANO E PODE SER BEATIFICADO"},"content":{"rendered":"<p><span style=\"color: #000000;\"><img loading=\"lazy\" decoding=\"async\" class=\" wp-image-7533 alignleft\" src=\"https:\/\/saloanoticias.com\/v1\/wp-content\/uploads\/2019\/04\/Frei-Dami\u00e3o.jpg\" alt=\"\" width=\"381\" height=\"286\" srcset=\"https:\/\/www.saloanoticias.com\/v1\/wp-content\/uploads\/2019\/04\/Frei-Dami\u00e3o.jpg 800w, https:\/\/www.saloanoticias.com\/v1\/wp-content\/uploads\/2019\/04\/Frei-Dami\u00e3o-300x225.jpg 300w, https:\/\/www.saloanoticias.com\/v1\/wp-content\/uploads\/2019\/04\/Frei-Dami\u00e3o-768x576.jpg 768w\" sizes=\"auto, (max-width: 381px) 100vw, 381px\" \/>Uma decis\u00e3o do\u00a0<a style=\"font-style: inherit; color: #000000;\" href=\"https:\/\/g1.globo.com\/tudo-sobre\/papa-francisco\/\"><strong>Papa Francisco<\/strong><\/a>\u00a0deixou Frei Dami\u00e3o de Bozzano, mission\u00e1rio que atuou no Nordeste no s\u00e9culo 20, mais perto da beatifica\u00e7\u00e3o. Um decreto do sumo pont\u00edfice, editado no\u00a0<a style=\"font-style: inherit; color: #000000;\" href=\"https:\/\/g1.globo.com\/tudo-sobre\/vaticano\/\"><strong>Vaticano<\/strong><\/a>, reconheceu como vener\u00e1vel o frade capuchinho, que nasceu na It\u00e1lia e morreu no Recife. De acordo com Frei Jaciel Gomes, postulador da causa e respons\u00e1vel pelo acompanhamento do processo de beatifica\u00e7\u00e3o e canoniza\u00e7\u00e3o de Frei Dami\u00e3o, a decis\u00e3o de tornar o capuchinho vener\u00e1vel foi tomada no s\u00e1bado (6). \u201cHouve o reconhecimento pela Comiss\u00e3o dos Bispos e Cardeais. \u00c9 o pen\u00faltimo passo antes da beatifica\u00e7\u00e3o\u201d, afirmou.<\/span><\/p>\n<p><span style=\"color: #000000;\">Gomes informa tamb\u00e9m que o decreto do Papa Francisco reconhece para a comunidade da Igreja Cat\u00f3lica que Frei Dami\u00e3o exerceu, em grau heroico, as virtudes crist\u00e3s. A decis\u00e3o saiu durante em um encontro entre o papa e o prefeito da Congrega\u00e7\u00e3o da Causa de Todos os Santos, cardeal Angelo Becciu. \u201cFalta, agora, o reconhecimento de um milagre para ele ser considerado beato\u201d, acrescentou Gomes. Para Frei Dami\u00e3o ser considerado santo, \u00e9 preciso comprovar mais um milagre. Diante da not\u00edcia do decreto papal, os postuladores da causa de Frei Dami\u00e3o planejam uma celebra\u00e7\u00e3o de a\u00e7\u00e3o de gra\u00e7as, na Zona Sul do Recife. \u201cEstamos organizando as celebra\u00e7\u00f5es, na sede dos Capuchinhos, no Pina\u201d, observou. <em>Fonte: Globo.com<\/em><\/span><\/p>\n<div style=\"margin-top: 0px; margin-bottom: 0px;\" class=\"sharethis-inline-share-buttons\" ><\/div>","protected":false},"excerpt":{"rendered":"<p>Uma decis\u00e3o do\u00a0Papa Francisco\u00a0deixou Frei Dami\u00e3o de Bozzano, mission\u00e1rio que atuou no Nordeste no s\u00e9culo 20, mais perto da beatifica\u00e7\u00e3o. Um decreto do sumo pont\u00edfice, editado no\u00a0Vaticano, reconheceu como vener\u00e1vel o frade capuchinho, que nasceu na It\u00e1lia e morreu no Recife. De acordo com Frei Jaciel Gomes, postulador da causa e respons\u00e1vel pelo acompanhamento do [&hellip;]<\/p>\n","protected":false},"author":2,"featured_media":7533,"comment_status":"open","ping_status":"open","sticky":false,"template":"","format":"standard","meta":{"footnotes":""},"categories":[2],"tags":[],"class_list":["post-7532","post","type-post","status-publish","format-standard","has-post-thumbnail","hentry","category-noticias-do-dia"],"_links":{"self":[{"href":"https:\/\/www.saloanoticias.com\/v1\/wp-json\/wp\/v2\/posts\/7532","targetHints":{"allow":["GET"]}}],"collection":[{"href":"https:\/\/www.saloanoticias.com\/v1\/wp-json\/wp\/v2\/posts"}],"about":[{"href":"https:\/\/www.saloanoticias.com\/v1\/wp-json\/wp\/v2\/types\/post"}],"author":[{"embeddable":true,"href":"https:\/\/www.saloanoticias.com\/v1\/wp-json\/wp\/v2\/users\/2"}],"replies":[{"embeddable":true,"href":"https:\/\/www.saloanoticias.com\/v1\/wp-json\/wp\/v2\/comments?post=7532"}],"version-history":[{"count":1,"href":"https:\/\/www.saloanoticias.com\/v1\/wp-json\/wp\/v2\/posts\/7532\/revisions"}],"predecessor-version":[{"id":7534,"href":"https:\/\/www.saloanoticias.com\/v1\/wp-json\/wp\/v2\/posts\/7532\/revisions\/7534"}],"wp:featuredmedia":[{"embeddable":true,"href":"https:\/\/www.saloanoticias.com\/v1\/wp-json\/wp\/v2\/media\/7533"}],"wp:attachment":[{"href":"https:\/\/www.saloanoticias.com\/v1\/wp-json\/wp\/v2\/media?parent=7532"}],"wp:term":[{"taxonomy":"category","embeddable":true,"href":"https:\/\/www.saloanoticias.com\/v1\/wp-json\/wp\/v2\/categories?post=7532"},{"taxonomy":"post_tag","embeddable":true,"href":"https:\/\/www.saloanoticias.com\/v1\/wp-json\/wp\/v2\/tags?post=7532"}],"curies":[{"name":"wp","href":"https:\/\/api.w.org\/{rel}","templated":true}]}}