{"id":753,"date":"2014-03-19T19:00:00","date_gmt":"2014-03-19T19:00:00","guid":{"rendered":"https:\/\/saloanoticias.mrmediaweb.com\/v1\/2014\/03\/19\/ricardo-alves-participa-de-congresso-da-amupe-e-busca-recursos-para-saloa\/"},"modified":"2014-03-19T19:00:00","modified_gmt":"2014-03-19T19:00:00","slug":"ricardo-alves-participa-de-congresso-da-amupe-e-busca-recursos-para-saloa","status":"publish","type":"post","link":"https:\/\/www.saloanoticias.com\/v1\/ricardo-alves-participa-de-congresso-da-amupe-e-busca-recursos-para-saloa\/","title":{"rendered":"RICARDO ALVES PARTICIPA DE CONGRESSO DA AMUPE E BUSCA RECURSOS PARA SALO\u00c1"},"content":{"rendered":"<p align=\"justify\"><font size=\"3\" face=\"Arial\"><a href=\"http:\/\/www.saloanoticias.com\/images\/ricardo-e-danilo-1.jpg\"><img loading=\"lazy\" decoding=\"async\" title=\"Ricardo e Danilo (1)\" style=\"border-top: 0px; border-right: 0px; background-image: none; border-bottom: 0px; float: none; padding-top: 0px; padding-left: 0px; margin: 0px auto 10px; border-left: 0px; display: block; padding-right: 0px\" border=\"0\" alt=\"Ricardo e Danilo (1)\" src=\"http:\/\/www.saloanoticias.com\/v1\/wp-content\/uploads\/imagens\/ricardo-e-danilo-1_thumb.jpg\" width=\"592\" height=\"395\"><\/a>O prefeito Ricardo Alves (PMDB) de Salo\u00e1, participou do Congresso Pernambucano de Munic\u00edpios, que termina nesta quarta-feira (19), no Centro de Conven\u00e7\u00f5es de Pernambuco. Promovido pela Associa\u00e7\u00e3o Municipalista de Pernambuco (Amupe), o Congresso teve in\u00edcio na \u00faltima segunda feira (17) e contou, em sua abertura, com a presen\u00e7a do Governador Eduardo Campos, que aproveitou a ocasi\u00e3o para anunciar aos prefeitos o novo FEM (Fundo Estadual de Apoio aos Munic\u00edpios). <\/font><font size=\"3\" face=\"Arial\">O l\u00edder municipal de Salo\u00e1 participou ontem de uma rodada de discuss\u00e3o sobre capta\u00e7\u00e3o de recursos para o fortalecimento do munic\u00edpio, com representantes da Caixa Econ\u00f4mica (CF), Banco do Brasil (BB) e BNDES.<\/font> <\/p>\n<p align=\"justify\"><font size=\"3\" face=\"Arial\">Outro tema que tamb\u00e9m chamou \u00e0 aten\u00e7\u00e3o de Ricardo Alves foi o Planejamento e investimentos para cidades sustent\u00e1veis, que teve como palestrantes o Secret\u00e1rio das Cidades, Danilo Cabral e o prefeito de Recife, Geraldo J\u00falio. <\/font><font size=\"3\" face=\"Arial\">A administra\u00e7\u00e3o de Salo\u00e1 vem demonstrando uma aten\u00e7\u00e3o especiais com a sustentabilidade e preserva\u00e7\u00e3o da natureza. Projeto neste sentido est\u00e1 sendo desenvolvido e dever\u00e1 integrar desenvolvimento, sustentabilidade e gera\u00e7\u00e3o de renda para a popula\u00e7\u00e3o. \u201cPrecisamos cuidar de nossas matas ciliares, pois s\u00e3o elas que garantem a preserva\u00e7\u00e3o da \u00e1gua. N\u00e3o podemos mais extrair, sem pensar em preservar\u201d, disse Ricardo.<\/font> <\/p>\n<p align=\"justify\"><font size=\"3\" face=\"Arial\">O Congresso da Amupe \u00e9 tamb\u00e9m uma oportunidade para o p\u00fablico conhecer as pr\u00e1ticas diferenciadas e inovadoras que est\u00e3o acontecendo nos munic\u00edpios. Os participantes escolhem hoje as melhores pr\u00e1ticas para premia\u00e7\u00e3o. Foram inscritos 79 projetos: 28 da Regi\u00e3o Agreste, 25 do Sert\u00e3o, 15 da Regi\u00e3o Metropolitana do Recife e das Matas Sul e Norte.<\/font> <\/p>\n<p align=\"justify\"><font size=\"3\" face=\"Arial Black\">Fonte&nbsp; &#8211;&nbsp; Ascom\/PM Salo\u00e1<\/font><\/p>\n<div style=\"margin-top: 0px; margin-bottom: 0px;\" class=\"sharethis-inline-share-buttons\" ><\/div>","protected":false},"excerpt":{"rendered":"<p>O prefeito Ricardo Alves (PMDB) de Salo\u00e1, participou do Congresso Pernambucano de Munic\u00edpios, que termina nesta quarta-feira (19), no Centro de Conven\u00e7\u00f5es de Pernambuco. Promovido pela Associa\u00e7\u00e3o Municipalista de Pernambuco (Amupe), o Congresso teve in\u00edcio na \u00faltima segunda feira (17) e contou, em sua abertura, com a presen\u00e7a do Governador Eduardo Campos, que aproveitou a [&hellip;]<\/p>\n","protected":false},"author":1,"featured_media":0,"comment_status":"open","ping_status":"open","sticky":false,"template":"","format":"standard","meta":{"footnotes":""},"categories":[2],"tags":[],"class_list":["post-753","post","type-post","status-publish","format-standard","hentry","category-noticias-do-dia"],"_links":{"self":[{"href":"https:\/\/www.saloanoticias.com\/v1\/wp-json\/wp\/v2\/posts\/753","targetHints":{"allow":["GET"]}}],"collection":[{"href":"https:\/\/www.saloanoticias.com\/v1\/wp-json\/wp\/v2\/posts"}],"about":[{"href":"https:\/\/www.saloanoticias.com\/v1\/wp-json\/wp\/v2\/types\/post"}],"author":[{"embeddable":true,"href":"https:\/\/www.saloanoticias.com\/v1\/wp-json\/wp\/v2\/users\/1"}],"replies":[{"embeddable":true,"href":"https:\/\/www.saloanoticias.com\/v1\/wp-json\/wp\/v2\/comments?post=753"}],"version-history":[{"count":0,"href":"https:\/\/www.saloanoticias.com\/v1\/wp-json\/wp\/v2\/posts\/753\/revisions"}],"wp:attachment":[{"href":"https:\/\/www.saloanoticias.com\/v1\/wp-json\/wp\/v2\/media?parent=753"}],"wp:term":[{"taxonomy":"category","embeddable":true,"href":"https:\/\/www.saloanoticias.com\/v1\/wp-json\/wp\/v2\/categories?post=753"},{"taxonomy":"post_tag","embeddable":true,"href":"https:\/\/www.saloanoticias.com\/v1\/wp-json\/wp\/v2\/tags?post=753"}],"curies":[{"name":"wp","href":"https:\/\/api.w.org\/{rel}","templated":true}]}}