{"id":7528,"date":"2019-04-08T13:47:27","date_gmt":"2019-04-08T13:47:27","guid":{"rendered":"https:\/\/saloanoticias.com\/v1\/?p=7528"},"modified":"2019-04-08T13:47:27","modified_gmt":"2019-04-08T13:47:27","slug":"coordenadoria-da-mulher-em-saloa-realiza-curso-de-flores-em-va","status":"publish","type":"post","link":"https:\/\/www.saloanoticias.com\/v1\/coordenadoria-da-mulher-em-saloa-realiza-curso-de-flores-em-va\/","title":{"rendered":"COORDENADORIA DA MULHER EM SALO\u00c1 REALIZA CURSO DE FLORES EM VA"},"content":{"rendered":"<p><img loading=\"lazy\" decoding=\"async\" width=\"1502\" height=\"703\" class=\"aligncenter size-full wp-image-7530\" src=\"https:\/\/saloanoticias.com\/v1\/wp-content\/uploads\/2019\/04\/maria-da-penha_thumb_f2dc994c54982ca80e5831ed14df5d3f.jpg\" alt=\"\" srcset=\"https:\/\/www.saloanoticias.com\/v1\/wp-content\/uploads\/2019\/04\/maria-da-penha_thumb_f2dc994c54982ca80e5831ed14df5d3f.jpg 1502w, https:\/\/www.saloanoticias.com\/v1\/wp-content\/uploads\/2019\/04\/maria-da-penha_thumb_f2dc994c54982ca80e5831ed14df5d3f-300x140.jpg 300w, https:\/\/www.saloanoticias.com\/v1\/wp-content\/uploads\/2019\/04\/maria-da-penha_thumb_f2dc994c54982ca80e5831ed14df5d3f-1024x479.jpg 1024w, https:\/\/www.saloanoticias.com\/v1\/wp-content\/uploads\/2019\/04\/maria-da-penha_thumb_f2dc994c54982ca80e5831ed14df5d3f-768x359.jpg 768w, https:\/\/www.saloanoticias.com\/v1\/wp-content\/uploads\/2019\/04\/maria-da-penha_thumb_f2dc994c54982ca80e5831ed14df5d3f-750x350.jpg 750w\" sizes=\"auto, (max-width: 1502px) 100vw, 1502px\" \/>A Prefeitura Municipal de Salo\u00e1\/PE, atrav\u00e9s da Coordenadoria da Mulher, promove o curso de flores em EVA. O curso ser\u00e1 ministrado por JC Flores com professores especializados direto do Paran\u00e1. As inscri\u00e7\u00f5es come\u00e7aram no dia 01\/04 e seguem at\u00e9 o pr\u00f3ximo dia 18\/04 e deve ser realizada na Coordenadoria da Mulher, na Rua Jos\u00e9 Candido Vilela, 08, com turmas\u00a0 nos hor\u00e1rios: Manh\u00e3, tarde e Noite.<\/p>\n<p><img loading=\"lazy\" decoding=\"async\" width=\"1280\" height=\"875\" class=\"aligncenter size-full wp-image-7529\" src=\"https:\/\/saloanoticias.com\/v1\/wp-content\/uploads\/2019\/04\/CURSO.jpg\" alt=\"\" srcset=\"https:\/\/www.saloanoticias.com\/v1\/wp-content\/uploads\/2019\/04\/CURSO.jpg 1280w, https:\/\/www.saloanoticias.com\/v1\/wp-content\/uploads\/2019\/04\/CURSO-300x205.jpg 300w, https:\/\/www.saloanoticias.com\/v1\/wp-content\/uploads\/2019\/04\/CURSO-1024x700.jpg 1024w, https:\/\/www.saloanoticias.com\/v1\/wp-content\/uploads\/2019\/04\/CURSO-768x525.jpg 768w\" sizes=\"auto, (max-width: 1280px) 100vw, 1280px\" \/><\/p>\n<p>Com o curso, as mulheres aprimorar\u00e3o seus conhecimentos em mais essa t\u00e9cnica, e se capacitar\u00e3o ampliando suas habilidades para mais um trabalho extra, podendo ser uma profissional e aumentar a renda trabalhando em casa.<\/p>\n<div style=\"margin-top: 0px; margin-bottom: 0px;\" class=\"sharethis-inline-share-buttons\" ><\/div>","protected":false},"excerpt":{"rendered":"<p>A Prefeitura Municipal de Salo\u00e1\/PE, atrav\u00e9s da Coordenadoria da Mulher, promove o curso de flores em EVA. O curso ser\u00e1 ministrado por JC Flores com professores especializados direto do Paran\u00e1. As inscri\u00e7\u00f5es come\u00e7aram no dia 01\/04 e seguem at\u00e9 o pr\u00f3ximo dia 18\/04 e deve ser realizada na Coordenadoria da Mulher, na Rua Jos\u00e9 Candido [&hellip;]<\/p>\n","protected":false},"author":2,"featured_media":7530,"comment_status":"open","ping_status":"open","sticky":false,"template":"","format":"standard","meta":{"footnotes":""},"categories":[2],"tags":[],"class_list":["post-7528","post","type-post","status-publish","format-standard","has-post-thumbnail","hentry","category-noticias-do-dia"],"_links":{"self":[{"href":"https:\/\/www.saloanoticias.com\/v1\/wp-json\/wp\/v2\/posts\/7528","targetHints":{"allow":["GET"]}}],"collection":[{"href":"https:\/\/www.saloanoticias.com\/v1\/wp-json\/wp\/v2\/posts"}],"about":[{"href":"https:\/\/www.saloanoticias.com\/v1\/wp-json\/wp\/v2\/types\/post"}],"author":[{"embeddable":true,"href":"https:\/\/www.saloanoticias.com\/v1\/wp-json\/wp\/v2\/users\/2"}],"replies":[{"embeddable":true,"href":"https:\/\/www.saloanoticias.com\/v1\/wp-json\/wp\/v2\/comments?post=7528"}],"version-history":[{"count":1,"href":"https:\/\/www.saloanoticias.com\/v1\/wp-json\/wp\/v2\/posts\/7528\/revisions"}],"predecessor-version":[{"id":7531,"href":"https:\/\/www.saloanoticias.com\/v1\/wp-json\/wp\/v2\/posts\/7528\/revisions\/7531"}],"wp:featuredmedia":[{"embeddable":true,"href":"https:\/\/www.saloanoticias.com\/v1\/wp-json\/wp\/v2\/media\/7530"}],"wp:attachment":[{"href":"https:\/\/www.saloanoticias.com\/v1\/wp-json\/wp\/v2\/media?parent=7528"}],"wp:term":[{"taxonomy":"category","embeddable":true,"href":"https:\/\/www.saloanoticias.com\/v1\/wp-json\/wp\/v2\/categories?post=7528"},{"taxonomy":"post_tag","embeddable":true,"href":"https:\/\/www.saloanoticias.com\/v1\/wp-json\/wp\/v2\/tags?post=7528"}],"curies":[{"name":"wp","href":"https:\/\/api.w.org\/{rel}","templated":true}]}}