{"id":752,"date":"2014-03-19T11:00:00","date_gmt":"2014-03-19T11:00:00","guid":{"rendered":"https:\/\/saloanoticias.mrmediaweb.com\/v1\/2014\/03\/19\/boutique-solidaria-de-saloa-concorre-a-premio-no-congresso-da-amupe-em-recife\/"},"modified":"2014-03-19T11:00:00","modified_gmt":"2014-03-19T11:00:00","slug":"boutique-solidaria-de-saloa-concorre-a-premio-no-congresso-da-amupe-em-recife","status":"publish","type":"post","link":"https:\/\/www.saloanoticias.com\/v1\/boutique-solidaria-de-saloa-concorre-a-premio-no-congresso-da-amupe-em-recife\/","title":{"rendered":"BOUTIQUE SOLID\u00c1RIA DE SALO\u00c1 CONCORRE A PR\u00caMIO NO CONGRESSO DA AMUPE"},"content":{"rendered":"<p align=\"justify\"><font size=\"3\" face=\"Arial\"><a href=\"http:\/\/www.saloanoticias.com\/images\/boutique-solidria-02-1.jpg\"><img loading=\"lazy\" decoding=\"async\" title=\"Boutique solid&aacute;ria 02 (1)\" style=\"border-left-width: 0px; border-right-width: 0px; background-image: none; border-bottom-width: 0px; float: none; padding-top: 0px; padding-left: 0px; margin: 0px auto 10px; display: block; padding-right: 0px; border-top-width: 0px\" border=\"0\" alt=\"Boutique solid&aacute;ria 02 (1)\" src=\"http:\/\/www.saloanoticias.com\/v1\/wp-content\/uploads\/imagens\/boutique-solidria-02-1_thumb.jpg\" width=\"579\" height=\"386\"><\/a>A prefeitura de Salo\u00e1, atrav\u00e9s da Secretaria Municipal de Assist\u00eancia Social, est\u00e1 participando do Congresso Pernambucano dos Munic\u00edpios. A Secretaria montou um stand no Centro de Conven\u00e7\u00f5es de Pernambuco para exposi\u00e7\u00e3o dos produtos e atrativos do munic\u00edpio, e tem sido um dos mais visitados pelos prefeitos, secret\u00e1rios e demais participantes do Congresso. <\/font><font size=\"3\" face=\"Arial\">79 projetos de pr\u00e1ticas diferenciadas e inovadoras foram inscritos na Amupe que fez uma pr\u00e9-sele\u00e7\u00e3o enxugando este n\u00famero para 34 munic\u00edpios. Salo\u00e1 concorre com o Projeto Boutique Solid\u00e1ria, que foi realizada no Natal de 2013 e promete retornar ainda neste semestre com uma vers\u00e3o mais aprimorada e participativa.<\/font><\/p>\n<p align=\"justify\"><a href=\"http:\/\/www.saloanoticias.com\/images\/boutique-solidria-01-1.jpg\"><img loading=\"lazy\" decoding=\"async\" title=\"Boutique solid&aacute;ria 01 (1)\" style=\"border-left-width: 0px; border-right-width: 0px; background-image: none; border-bottom-width: 0px; float: none; padding-top: 0px; padding-left: 0px; margin: 10px auto; display: block; padding-right: 0px; border-top-width: 0px\" border=\"0\" alt=\"Boutique solid&aacute;ria 01 (1)\" src=\"http:\/\/www.saloanoticias.com\/v1\/wp-content\/uploads\/imagens\/boutique-solidria-01-1_thumb.jpg\" width=\"562\" height=\"375\"><\/a><\/p>\n<p align=\"justify\"><font size=\"3\" face=\"Arial\">Segundo o Secret\u00e1rio de Assist\u00eancia Social, Carlos Ouro Preto, a expectativa \u00e9 que o munic\u00edpio seja um dos premiados, pois o projeto foi um dos mais aplaudidos durante a apresenta\u00e7\u00e3o que aconteceu ontem pela manh\u00e3. <\/font><font size=\"3\" face=\"Arial\">\u201cN\u00f3s trouxemos a Boutique Solid\u00e1ria e j\u00e1 nos sentimos vitoriosos, n\u00e3o pelo resultado que ser\u00e1 divulgado nesta quarta-feira, mas pelo alcance desta a\u00e7\u00e3o para as fam\u00edlias carentes\u201d, Destacou Carlos. Ele lembrou ainda, que no stand do munic\u00edpio foram expostos o artesanato de Serrinha da Prata, o licor produzido artesanalmente no munic\u00edpio e fotos da fazenda Brejo, um dos cart\u00f5es postais da cidade.<\/font>  <\/p>\n<p align=\"justify\"><font size=\"3\" face=\"Arial\">A empres\u00e1ria Cleide Iara Andrade, da Fazenda Brejo ficou bastante entusiasmada ao ver o stand de Salo\u00e1. \u201c\u00c9 muito bom saber que o Governo municipal est\u00e1 olhando para frente e participando de um momento t\u00e3o importante como \u00e9 o Congresso da Amupe. \u00c9 a primeira vez que um prefeito de Salo\u00e1 participa t\u00e3o efetivamente deste evento e isso s\u00f3 tende a favorecer e projetar nossa cultura em n\u00edvel estadual. O prefeito Ricardo est\u00e1 de parab\u00e9ns\u201d. Disse.<\/font>  <\/p>\n<p align=\"justify\"><font size=\"3\" face=\"Arial Black\">Fonte&nbsp; &#8211;&nbsp; Ascom\/Prefeitura de Salo\u00e1\/PE<\/font><\/p>\n<div style=\"margin-top: 0px; margin-bottom: 0px;\" class=\"sharethis-inline-share-buttons\" ><\/div>","protected":false},"excerpt":{"rendered":"<p>A prefeitura de Salo\u00e1, atrav\u00e9s da Secretaria Municipal de Assist\u00eancia Social, est\u00e1 participando do Congresso Pernambucano dos Munic\u00edpios. A Secretaria montou um stand no Centro de Conven\u00e7\u00f5es de Pernambuco para exposi\u00e7\u00e3o dos produtos e atrativos do munic\u00edpio, e tem sido um dos mais visitados pelos prefeitos, secret\u00e1rios e demais participantes do Congresso. 79 projetos de [&hellip;]<\/p>\n","protected":false},"author":1,"featured_media":0,"comment_status":"open","ping_status":"open","sticky":false,"template":"","format":"standard","meta":{"footnotes":""},"categories":[2],"tags":[],"class_list":["post-752","post","type-post","status-publish","format-standard","hentry","category-noticias-do-dia"],"_links":{"self":[{"href":"https:\/\/www.saloanoticias.com\/v1\/wp-json\/wp\/v2\/posts\/752","targetHints":{"allow":["GET"]}}],"collection":[{"href":"https:\/\/www.saloanoticias.com\/v1\/wp-json\/wp\/v2\/posts"}],"about":[{"href":"https:\/\/www.saloanoticias.com\/v1\/wp-json\/wp\/v2\/types\/post"}],"author":[{"embeddable":true,"href":"https:\/\/www.saloanoticias.com\/v1\/wp-json\/wp\/v2\/users\/1"}],"replies":[{"embeddable":true,"href":"https:\/\/www.saloanoticias.com\/v1\/wp-json\/wp\/v2\/comments?post=752"}],"version-history":[{"count":0,"href":"https:\/\/www.saloanoticias.com\/v1\/wp-json\/wp\/v2\/posts\/752\/revisions"}],"wp:attachment":[{"href":"https:\/\/www.saloanoticias.com\/v1\/wp-json\/wp\/v2\/media?parent=752"}],"wp:term":[{"taxonomy":"category","embeddable":true,"href":"https:\/\/www.saloanoticias.com\/v1\/wp-json\/wp\/v2\/categories?post=752"},{"taxonomy":"post_tag","embeddable":true,"href":"https:\/\/www.saloanoticias.com\/v1\/wp-json\/wp\/v2\/tags?post=752"}],"curies":[{"name":"wp","href":"https:\/\/api.w.org\/{rel}","templated":true}]}}