{"id":7518,"date":"2019-04-06T22:08:20","date_gmt":"2019-04-06T22:08:20","guid":{"rendered":"https:\/\/saloanoticias.com\/v1\/?p=7518"},"modified":"2019-04-06T22:16:04","modified_gmt":"2019-04-06T22:16:04","slug":"creas-realiza-palestra-com-criancas-e-adultos-em-saloa","status":"publish","type":"post","link":"https:\/\/www.saloanoticias.com\/v1\/creas-realiza-palestra-com-criancas-e-adultos-em-saloa\/","title":{"rendered":"CREAS REALIZA PALESTRA COM CRIAN\u00c7AS E ADULTOS EM SALO\u00c1"},"content":{"rendered":"<p><img loading=\"lazy\" decoding=\"async\" width=\"1600\" height=\"900\" class=\"aligncenter size-full wp-image-7519\" src=\"https:\/\/saloanoticias.com\/v1\/wp-content\/uploads\/2019\/04\/creas-saloa.jpg\" alt=\"\" srcset=\"https:\/\/www.saloanoticias.com\/v1\/wp-content\/uploads\/2019\/04\/creas-saloa.jpg 1600w, https:\/\/www.saloanoticias.com\/v1\/wp-content\/uploads\/2019\/04\/creas-saloa-300x169.jpg 300w, https:\/\/www.saloanoticias.com\/v1\/wp-content\/uploads\/2019\/04\/creas-saloa-1024x576.jpg 1024w, https:\/\/www.saloanoticias.com\/v1\/wp-content\/uploads\/2019\/04\/creas-saloa-768x432.jpg 768w, https:\/\/www.saloanoticias.com\/v1\/wp-content\/uploads\/2019\/04\/creas-saloa-1536x864.jpg 1536w\" sizes=\"auto, (max-width: 1600px) 100vw, 1600px\" \/>A Prefeitura de Salo\u00e1, atrav\u00e9s da Secretaria de Assist\u00eancia Social, realizou nesta segunda feira (01\/04), um encontro com as fam\u00edlias e as crian\u00e7as\/adolescentes no Centro de Conviv\u00eancia de Idosos (CCI), onde foi falado sobre o papel dos profissionais do SCFV e do CRAS, juntamente com as educadoras sociais interagiram de forma l\u00fadica com din\u00e2micas, arte e divers\u00e3o. O Servi\u00e7o de Conviv\u00eancia e Fortalecimento de V\u00ednculos (SCFV) realiza atendimentos o ano inteiro, em grupos, desenvolvendo atividades art\u00edsticas, culturais, de lazer, esportivas, dentre outras, de acordo com a idade dos usu\u00e1rios (a faixa et\u00e1ria atendida no momento \u00e9 de 06 a maiores de 60 anos de idade).<\/p>\n<p><img loading=\"lazy\" decoding=\"async\" width=\"1600\" height=\"900\" class=\"aligncenter size-full wp-image-7520\" src=\"https:\/\/saloanoticias.com\/v1\/wp-content\/uploads\/2019\/04\/creas-saloa-2.jpg\" alt=\"\" srcset=\"https:\/\/www.saloanoticias.com\/v1\/wp-content\/uploads\/2019\/04\/creas-saloa-2.jpg 1600w, https:\/\/www.saloanoticias.com\/v1\/wp-content\/uploads\/2019\/04\/creas-saloa-2-300x169.jpg 300w, https:\/\/www.saloanoticias.com\/v1\/wp-content\/uploads\/2019\/04\/creas-saloa-2-1024x576.jpg 1024w, https:\/\/www.saloanoticias.com\/v1\/wp-content\/uploads\/2019\/04\/creas-saloa-2-768x432.jpg 768w, https:\/\/www.saloanoticias.com\/v1\/wp-content\/uploads\/2019\/04\/creas-saloa-2-1536x864.jpg 1536w\" sizes=\"auto, (max-width: 1600px) 100vw, 1600px\" \/><\/p>\n<p>Este tem como objetivo fortalecer as rela\u00e7\u00f5es familiares e comunit\u00e1rias, al\u00e9m de promover a integra\u00e7\u00e3o e a troca de experi\u00eancias entre os participantes, valorizando o sentido de vida coletiva. O SCFV \u00e9 um servi\u00e7o da Prote\u00e7\u00e3o Social B\u00e1sica do Sistema \u00danico de Assist\u00eancia Social (SUAS), que \u00e9 ofertado de forma complementar ao trabalho social com fam\u00edlias, realizado por meio do Servi\u00e7o de Prote\u00e7\u00e3o e Atendimento Integral \u00e0s Fam\u00edlias (PAIF), desenvolvido no Centro de Refer\u00eancia da Assist\u00eancia Social (CRAS).<\/p>\n<div style=\"margin-top: 0px; margin-bottom: 0px;\" class=\"sharethis-inline-share-buttons\" ><\/div>","protected":false},"excerpt":{"rendered":"<p>A Prefeitura de Salo\u00e1, atrav\u00e9s da Secretaria de Assist\u00eancia Social, realizou nesta segunda feira (01\/04), um encontro com as fam\u00edlias e as crian\u00e7as\/adolescentes no Centro de Conviv\u00eancia de Idosos (CCI), onde foi falado sobre o papel dos profissionais do SCFV e do CRAS, juntamente com as educadoras sociais interagiram de forma l\u00fadica com din\u00e2micas, arte [&hellip;]<\/p>\n","protected":false},"author":2,"featured_media":7519,"comment_status":"open","ping_status":"open","sticky":false,"template":"","format":"standard","meta":{"footnotes":""},"categories":[2],"tags":[],"class_list":["post-7518","post","type-post","status-publish","format-standard","has-post-thumbnail","hentry","category-noticias-do-dia"],"_links":{"self":[{"href":"https:\/\/www.saloanoticias.com\/v1\/wp-json\/wp\/v2\/posts\/7518","targetHints":{"allow":["GET"]}}],"collection":[{"href":"https:\/\/www.saloanoticias.com\/v1\/wp-json\/wp\/v2\/posts"}],"about":[{"href":"https:\/\/www.saloanoticias.com\/v1\/wp-json\/wp\/v2\/types\/post"}],"author":[{"embeddable":true,"href":"https:\/\/www.saloanoticias.com\/v1\/wp-json\/wp\/v2\/users\/2"}],"replies":[{"embeddable":true,"href":"https:\/\/www.saloanoticias.com\/v1\/wp-json\/wp\/v2\/comments?post=7518"}],"version-history":[{"count":1,"href":"https:\/\/www.saloanoticias.com\/v1\/wp-json\/wp\/v2\/posts\/7518\/revisions"}],"predecessor-version":[{"id":7521,"href":"https:\/\/www.saloanoticias.com\/v1\/wp-json\/wp\/v2\/posts\/7518\/revisions\/7521"}],"wp:featuredmedia":[{"embeddable":true,"href":"https:\/\/www.saloanoticias.com\/v1\/wp-json\/wp\/v2\/media\/7519"}],"wp:attachment":[{"href":"https:\/\/www.saloanoticias.com\/v1\/wp-json\/wp\/v2\/media?parent=7518"}],"wp:term":[{"taxonomy":"category","embeddable":true,"href":"https:\/\/www.saloanoticias.com\/v1\/wp-json\/wp\/v2\/categories?post=7518"},{"taxonomy":"post_tag","embeddable":true,"href":"https:\/\/www.saloanoticias.com\/v1\/wp-json\/wp\/v2\/tags?post=7518"}],"curies":[{"name":"wp","href":"https:\/\/api.w.org\/{rel}","templated":true}]}}