{"id":7512,"date":"2019-04-05T23:12:55","date_gmt":"2019-04-05T23:12:55","guid":{"rendered":"https:\/\/saloanoticias.com\/v1\/?p=7512"},"modified":"2019-04-05T23:15:14","modified_gmt":"2019-04-05T23:15:14","slug":"nao-nasci-para-ser-presidente-nasci-para-ser-militar-diz-bolsonaro","status":"publish","type":"post","link":"https:\/\/www.saloanoticias.com\/v1\/nao-nasci-para-ser-presidente-nasci-para-ser-militar-diz-bolsonaro\/","title":{"rendered":"N\u00c3O NASCI PARA SER PRESIDENTE, NASCI PARA SER MILITAR, DIZ BOLSONARO"},"content":{"rendered":"<p><img loading=\"lazy\" decoding=\"async\" class=\" wp-image-7513 alignright\" src=\"https:\/\/saloanoticias.com\/v1\/wp-content\/uploads\/2019\/04\/bolsonaro.jpg\" alt=\"\" width=\"555\" height=\"381\" srcset=\"https:\/\/www.saloanoticias.com\/v1\/wp-content\/uploads\/2019\/04\/bolsonaro.jpg 840w, https:\/\/www.saloanoticias.com\/v1\/wp-content\/uploads\/2019\/04\/bolsonaro-300x206.jpg 300w, https:\/\/www.saloanoticias.com\/v1\/wp-content\/uploads\/2019\/04\/bolsonaro-768x528.jpg 768w\" sizes=\"auto, (max-width: 555px) 100vw, 555px\" \/>Durante um evento com servidores do Pal\u00e1cio do<strong>Planalto<\/strong>\u00a0nesta sexta-feira, o presidente Jair\u00a0<strong>Bolsonaro<\/strong>\u00a0disse que n\u00e3o tinha nascido para ser presidente e sim\u00a0<strong>militar<\/strong>\u00a0. Em tom de brincadeira, ele reclamou das dificuldades de ocupar o cargo. Desculpem as caneladas, n\u00e3o nasci para ser presidente, nasci para ser militar, mas no momento estou nessa condi\u00e7\u00e3o de presidente e, junto com voc\u00eas, n\u00f3s podemos mudar o destino do Brasil. Sozinho n\u00e3o vou chegar a lugar nenhum &#8211; disse o presidente em seu discurso.<\/p>\n<p>A declara\u00e7\u00e3o foi dada durante uma cerim\u00f4nia de inaugura\u00e7\u00e3o\u00a0do Espa\u00e7o Integridade da Ouvidoria da Presid\u00eancia da Rep\u00fablica. Aos servidores, Bolsonaro tamb\u00e9m afirmou que ser presidente era &#8220;s\u00f3 problema&#8221;, mas que &#8220;tinha como mudar o Brasil&#8221;. &#8211; N\u00e3o tenho qualquer ambi\u00e7\u00e3o, n\u00e3o me sobe \u00e0 cabe\u00e7a o fato de ser presidente. Eu me pergunto, olho pra Deus e pergunto: Meu Deus, o que eu fiz para merecer isso? \u00c9 s\u00f3 problema. Mas temos como ir em frente, n\u00f3s temos como mudar o Brasil &#8211; disse Bolsonaro aos presentes.<\/p>\n<p>Bolsonaro iniciou sua fala dizendo que era um &#8220;milagre&#8221; ele ter chegado \u00e0 Presid\u00eancia da Rep\u00fablica e lembrou do atentado que sofreu durante a campanha. Em seguida citou uma passagem b\u00edblica repetida \u00e0 exaust\u00e3o durante sua campanha eleitoral e alguns presentes responderam gritando &#8220;Gl\u00f3ria \u00e0 Deus&#8221;: \u2013 Confesso que nunca esperava chegar na situa\u00e7\u00e3o que me encontro. Primeiro porque sobrevivi a um atentado, um milagre. Depois, o outro milagre foi a elei\u00e7\u00e3o. A gente tava contra tudo, n\u00e9? Imprensa, fakenews, tempo de televis\u00e3o, recuso de campanha, mas respeito quem n\u00e3o tenha religi\u00e3o, mas eu tinha do nosso lado Deus \u2013 declarou, citando em seguida:<\/p>\n<p>\u2013 E conhecereis a verdade, e a verdade vos libertar\u00e1. Em outro momento da cerim\u00f4nia, Jair Bolsonaro defendeu valores familiares e afirmou que a liberdade era o &#8220;bem maior&#8221;: \u2013 N\u00f3s temos que lutar pelo nosso Brasil. N\u00e3o entrem nesta ideologia. Ningu\u00e9m vai falar aqui de per\u00edodo militar, de democracia. N\u00e3o, \u00e9 um per\u00edodo de liberdade. Temos que lutar pelo bem maior que n\u00f3s temos que \u00e9 a liberdade, fazer valorizar os valores familiares. Quem n\u00e3o quer ter fam\u00edlia, n\u00e3o tem problema nenhum. Agora, a fam\u00edlia existe e \u00e9 c\u00e9lula da sociedade. Uma fam\u00edlia sadia \u00e9 uma sociedade sadia, \u00e9 um pa\u00eds com perspectivas de futuro. E da maneira como vinham sendo tratadas h\u00e1 pouco tempo, n\u00e3o t\u00ednhamos qualquer esperan\u00e7a de mudar o Brasil &#8211; afirmou o presidente. <em>Fonte: O Globo<\/em><\/p>\n<div style=\"margin-top: 0px; margin-bottom: 0px;\" class=\"sharethis-inline-share-buttons\" ><\/div>","protected":false},"excerpt":{"rendered":"<p>Durante um evento com servidores do Pal\u00e1cio doPlanalto\u00a0nesta sexta-feira, o presidente Jair\u00a0Bolsonaro\u00a0disse que n\u00e3o tinha nascido para ser presidente e sim\u00a0militar\u00a0. Em tom de brincadeira, ele reclamou das dificuldades de ocupar o cargo. Desculpem as caneladas, n\u00e3o nasci para ser presidente, nasci para ser militar, mas no momento estou nessa condi\u00e7\u00e3o de presidente e, junto [&hellip;]<\/p>\n","protected":false},"author":2,"featured_media":7515,"comment_status":"open","ping_status":"open","sticky":false,"template":"","format":"standard","meta":{"footnotes":""},"categories":[2],"tags":[],"class_list":["post-7512","post","type-post","status-publish","format-standard","has-post-thumbnail","hentry","category-noticias-do-dia"],"_links":{"self":[{"href":"https:\/\/www.saloanoticias.com\/v1\/wp-json\/wp\/v2\/posts\/7512","targetHints":{"allow":["GET"]}}],"collection":[{"href":"https:\/\/www.saloanoticias.com\/v1\/wp-json\/wp\/v2\/posts"}],"about":[{"href":"https:\/\/www.saloanoticias.com\/v1\/wp-json\/wp\/v2\/types\/post"}],"author":[{"embeddable":true,"href":"https:\/\/www.saloanoticias.com\/v1\/wp-json\/wp\/v2\/users\/2"}],"replies":[{"embeddable":true,"href":"https:\/\/www.saloanoticias.com\/v1\/wp-json\/wp\/v2\/comments?post=7512"}],"version-history":[{"count":2,"href":"https:\/\/www.saloanoticias.com\/v1\/wp-json\/wp\/v2\/posts\/7512\/revisions"}],"predecessor-version":[{"id":7516,"href":"https:\/\/www.saloanoticias.com\/v1\/wp-json\/wp\/v2\/posts\/7512\/revisions\/7516"}],"wp:featuredmedia":[{"embeddable":true,"href":"https:\/\/www.saloanoticias.com\/v1\/wp-json\/wp\/v2\/media\/7515"}],"wp:attachment":[{"href":"https:\/\/www.saloanoticias.com\/v1\/wp-json\/wp\/v2\/media?parent=7512"}],"wp:term":[{"taxonomy":"category","embeddable":true,"href":"https:\/\/www.saloanoticias.com\/v1\/wp-json\/wp\/v2\/categories?post=7512"},{"taxonomy":"post_tag","embeddable":true,"href":"https:\/\/www.saloanoticias.com\/v1\/wp-json\/wp\/v2\/tags?post=7512"}],"curies":[{"name":"wp","href":"https:\/\/api.w.org\/{rel}","templated":true}]}}