{"id":7502,"date":"2019-04-04T22:58:17","date_gmt":"2019-04-04T22:58:17","guid":{"rendered":"https:\/\/saloanoticias.com\/v1\/?p=7502"},"modified":"2019-04-04T23:16:05","modified_gmt":"2019-04-04T23:16:05","slug":"deputado-danilo-cabral-faz-criticas-aos-cortes-na-educacao","status":"publish","type":"post","link":"https:\/\/www.saloanoticias.com\/v1\/deputado-danilo-cabral-faz-criticas-aos-cortes-na-educacao\/","title":{"rendered":"DEPUTADO DANILO CABRAL FAZ CR\u00cdTICAS AOS CORTES NA EDUCA\u00c7\u00c3O"},"content":{"rendered":"<p><img loading=\"lazy\" decoding=\"async\" width=\"2003\" height=\"1312\" class=\"aligncenter size-full wp-image-7503\" src=\"https:\/\/saloanoticias.com\/v1\/wp-content\/uploads\/2019\/04\/danilo-deputado.jpg\" alt=\"\" srcset=\"https:\/\/www.saloanoticias.com\/v1\/wp-content\/uploads\/2019\/04\/danilo-deputado.jpg 2003w, https:\/\/www.saloanoticias.com\/v1\/wp-content\/uploads\/2019\/04\/danilo-deputado-300x197.jpg 300w, https:\/\/www.saloanoticias.com\/v1\/wp-content\/uploads\/2019\/04\/danilo-deputado-1024x671.jpg 1024w, https:\/\/www.saloanoticias.com\/v1\/wp-content\/uploads\/2019\/04\/danilo-deputado-768x503.jpg 768w, https:\/\/www.saloanoticias.com\/v1\/wp-content\/uploads\/2019\/04\/danilo-deputado-1536x1006.jpg 1536w\" sizes=\"auto, (max-width: 2003px) 100vw, 2003px\" \/>Al\u00e9m da m\u00e1 gest\u00e3o no Minist\u00e9rio da Educa\u00e7\u00e3o, o governo federal anuncia cortes para a \u00e1rea. A pasta foi a mais atingida pelo contingenciamento publicado em edi\u00e7\u00e3o extra do<em>\u00a0Di\u00e1rio Oficial<\/em>\u00a0da \u00faltima sexta-feira (29). Dos R$ 35,9 bilh\u00f5es cortados, R$ 5,8 bilh\u00f5es s\u00e3o do MEC. \u201cO governo, com esse corte, sinaliza que a educa\u00e7\u00e3o n\u00e3o \u00e9 prioridade. Essa \u00e9 uma \u00e1rea que deveria ser estrat\u00e9gica para o desenvolvimento do pa\u00eds, n\u00e3o deveria ser atingida\u201d, critica o deputado federal Danilo Cabral (PSB).<\/p>\n<p>O total em despesas discricion\u00e1rias para a \u00e1rea previsto na LOA deste ano era de R$ 23,6 bilh\u00f5es e passou, agora, para R$ 17,7 bilh\u00f5es. Segundo o decreto, o governo aplicar\u00e1 o m\u00ednimo garantido na Constitui\u00e7\u00e3o. \u201cIsso n\u00e3o suficiente. A educa\u00e7\u00e3o brasileira avan\u00e7ou nos \u00faltimos anos e o m\u00ednimo n\u00e3o d\u00e1 conta dos investimentos necess\u00e1rios para assegurar o desafio que n\u00f3s temos hoje\u201d, afirma. O deputado cita a situa\u00e7\u00e3o prec\u00e1ria das universidades, que est\u00e3o quase fechando as portas, e os cortes nas bolsas de pesquisa.<\/p>\n<p>\u201cN\u00e3o h\u00e1 como reduzir essa desigualdade sem promover investimentos, \u00e9 um desafio urgente. N\u00e3o podemos admitir que o gasto com a educa\u00e7\u00e3o se restrinja \u00e0 obriga\u00e7\u00e3o constitucional, precisamos avan\u00e7ar\u201d, diz o deputado. Ele ressalta que, nos \u00faltimos anos, os investimentos em educa\u00e7\u00e3o v\u00eam sendo alvo de \u201cataques\u201d. \u201cMudaram as regras do pr\u00e9-sal, implantaram o teto dos gastos e, agora, h\u00e1 um movimento declarado do governo de desvincular o or\u00e7amento, afetando diretamente a educa\u00e7\u00e3o\u201d, ressalta.<\/p>\n<p>A prova de que os recursos investidos na educa\u00e7\u00e3o s\u00e3o insuficientes \u00e9 a compara\u00e7\u00e3o com os recursos aplicadas na \u00e1rea pelos pa\u00edses da OCDE (Organiza\u00e7\u00e3o para o Desenvolvimento Econ\u00f4mico), que o Brasil que fazer parte. Hoje, gasto p\u00fablico anual por aluno da educa\u00e7\u00e3o b\u00e1sica a superior no Brasil \u00e9 de US$ 3,4 mil. O gasto m\u00e9dio da OCDE \u00e9 de US$ 9,3 mil 0 d\u00f3lares (5.900 a mais que o Brasil).<\/p>\n<p>\u201cEm tr\u00eas meses de governo, houve mais troca de cargos no Minist\u00e9rio da Educa\u00e7\u00e3o do que an\u00fancios de pol\u00edticas p\u00fablicas. Dessa forma, o Brasil s\u00f3 aumentar\u00e1 seu passivo hist\u00f3rico e n\u00e3o trataremos do que \u00e9 fundamental para a \u00e1rea, como o cumprimento das metas do Plano Nacional de Educa\u00e7\u00e3o (PNE)\u201d, afirma Danilo Cabral.\u00a0<em>Foto: S\u00e9rgio Franc\u00eas\u00a0<\/em><\/p>\n<div style=\"margin-top: 0px; margin-bottom: 0px;\" class=\"sharethis-inline-share-buttons\" ><\/div>","protected":false},"excerpt":{"rendered":"<p>Al\u00e9m da m\u00e1 gest\u00e3o no Minist\u00e9rio da Educa\u00e7\u00e3o, o governo federal anuncia cortes para a \u00e1rea. A pasta foi a mais atingida pelo contingenciamento publicado em edi\u00e7\u00e3o extra do\u00a0Di\u00e1rio Oficial\u00a0da \u00faltima sexta-feira (29). Dos R$ 35,9 bilh\u00f5es cortados, R$ 5,8 bilh\u00f5es s\u00e3o do MEC. \u201cO governo, com esse corte, sinaliza que a educa\u00e7\u00e3o n\u00e3o \u00e9 [&hellip;]<\/p>\n","protected":false},"author":2,"featured_media":7505,"comment_status":"open","ping_status":"open","sticky":false,"template":"","format":"standard","meta":{"footnotes":""},"categories":[2],"tags":[],"class_list":["post-7502","post","type-post","status-publish","format-standard","has-post-thumbnail","hentry","category-noticias-do-dia"],"_links":{"self":[{"href":"https:\/\/www.saloanoticias.com\/v1\/wp-json\/wp\/v2\/posts\/7502","targetHints":{"allow":["GET"]}}],"collection":[{"href":"https:\/\/www.saloanoticias.com\/v1\/wp-json\/wp\/v2\/posts"}],"about":[{"href":"https:\/\/www.saloanoticias.com\/v1\/wp-json\/wp\/v2\/types\/post"}],"author":[{"embeddable":true,"href":"https:\/\/www.saloanoticias.com\/v1\/wp-json\/wp\/v2\/users\/2"}],"replies":[{"embeddable":true,"href":"https:\/\/www.saloanoticias.com\/v1\/wp-json\/wp\/v2\/comments?post=7502"}],"version-history":[{"count":2,"href":"https:\/\/www.saloanoticias.com\/v1\/wp-json\/wp\/v2\/posts\/7502\/revisions"}],"predecessor-version":[{"id":7517,"href":"https:\/\/www.saloanoticias.com\/v1\/wp-json\/wp\/v2\/posts\/7502\/revisions\/7517"}],"wp:featuredmedia":[{"embeddable":true,"href":"https:\/\/www.saloanoticias.com\/v1\/wp-json\/wp\/v2\/media\/7505"}],"wp:attachment":[{"href":"https:\/\/www.saloanoticias.com\/v1\/wp-json\/wp\/v2\/media?parent=7502"}],"wp:term":[{"taxonomy":"category","embeddable":true,"href":"https:\/\/www.saloanoticias.com\/v1\/wp-json\/wp\/v2\/categories?post=7502"},{"taxonomy":"post_tag","embeddable":true,"href":"https:\/\/www.saloanoticias.com\/v1\/wp-json\/wp\/v2\/tags?post=7502"}],"curies":[{"name":"wp","href":"https:\/\/api.w.org\/{rel}","templated":true}]}}