{"id":750,"date":"2014-03-19T02:00:00","date_gmt":"2014-03-19T02:00:00","guid":{"rendered":"https:\/\/saloanoticias.mrmediaweb.com\/v1\/2014\/03\/19\/programacao-da-cavalgada-da-aleluia\/"},"modified":"2014-03-19T02:00:00","modified_gmt":"2014-03-19T02:00:00","slug":"programacao-da-cavalgada-da-aleluia","status":"publish","type":"post","link":"https:\/\/www.saloanoticias.com\/v1\/programacao-da-cavalgada-da-aleluia\/","title":{"rendered":"PROGRAMA\u00c7\u00c3O DA CAVALGADA DA ALELUIA"},"content":{"rendered":"<p align=\"justify\"><font size=\"3\" face=\"Arial\"><a href=\"http:\/\/www.saloanoticias.com\/images\/cavalgada.png\"><img loading=\"lazy\" decoding=\"async\" title=\"Cavalgada\" style=\"border-top: 0px; border-right: 0px; background-image: none; border-bottom: 0px; float: none; padding-top: 0px; padding-left: 0px; margin: 0px auto 10px; border-left: 0px; display: block; padding-right: 0px\" border=\"0\" alt=\"Cavalgada\" src=\"http:\/\/www.saloanoticias.com\/v1\/wp-content\/uploads\/imagens\/cavalgada_thumb.png\" width=\"482\" height=\"480\"><\/a>A cavalgada da Aleluia ressurgiu no ano de 2013 para contar e resgatar a hist\u00f3ria do nosso munic\u00edpio, essa que estava perdendo a tradi\u00e7\u00e3o. Contam os mais velhos que no in\u00edcio da cria\u00e7\u00e3o da nossa cidade, quando ainda pertenc\u00edamos a Bom Conselho, era costume da terra um morador encontrar a chamada \u201caleluia\u201d, ou a inspira\u00e7\u00e3o divina. Ent\u00e3o esse morador sa\u00eda do \u201cBarro\u201d, hoje Salo\u00e1, para a cidade da \u201cPapaca\u00e7a\u201d, hoje Bom Conselho, em um percurso de aproximadamente 30 km no lombo de um cavalo. Chegando l\u00e1 o padre que recebia a \u201caleluia\u201d tamb\u00e9m saia de Bom Conselho, tamb\u00e9m no lombo de um cavalo para celebrar a missa da aleluia.<\/font> <\/p>\n<p align=\"justify\"><font size=\"3\" face=\"Arial\">\u00c9 nesse espirito que em 2014 mais uma vez, cavaleiros e amazonas sair\u00e3o em marcha para percorrer os 30 km, e trazermos a aleluia para Salo\u00e1\/PE.<\/font> <\/p>\n<p align=\"center\"><font size=\"3\" face=\"Arial\"><font face=\"Arial Black\">Dia 13\/04\/2014<\/font><br \/>Ap\u00f3s a prociss\u00e3o de Ramos em Salo\u00e1, a Amazona Sr\u00aa Thamires Curvelo de Bom Conselho, receber\u00e1 a b\u00ean\u00e7\u00e3o do Padre Adriano juntamente com o estandarte da Aleluia para dar in\u00edcio a Grande Cavalgada.<\/font><\/p>\n<p align=\"center\"><font size=\"3\" face=\"Arial\"><font face=\"Arial Black\">Dia 19\/04\/2014<\/font><br \/>\u00c0s 16:00hs \u2013 Sa\u00edda de Salo\u00e1 os cavaleiros e amazonas seguem a Bom Conselho<br \/>\u00c0s 18:00hs \u2013 Os cavaleiros de Bom Conselho recepcionam os cavaleiros de Salo\u00e1 no Parque de Exposi\u00e7\u00e3o Delam\u00e1rio Borba.<br \/>\u00c0s 19:00hs \u2013 B\u00ean\u00e7\u00e3o dos Cavaleiros e Amazonas na Pra\u00e7a Pedro II&nbsp; no Centro de Bom Conselho, onde em seguida sa\u00edram com destino a cidade de Salo\u00e1.<br \/>OBS: Durante o percurso da cavalgada da aleluia haver\u00e1 dois bate celas, para cavaleiros e amazonas se alimentarem e se hidratarem.<br \/>\u00c0s 00:00hs \u2013 Chegada em Salo\u00e1 em frente \u00e0 Igreja S\u00e3o Vicente, com a ben\u00e7\u00e3o do Padre Adriano e comunidade.<br \/>\u00c0s 00:30 \u2013 Show em pra\u00e7a p\u00fablica com banda da regi\u00e3o.<br \/>OBS. durante todo o percurso haver\u00e1 a anima\u00e7\u00e3o de um sanfoneiro da regi\u00e3o, que ser\u00e1 acompanhado por um mini trio el\u00e9trico.<\/font><\/p>\n<p align=\"justify\"><font size=\"3\" face=\"Arial\"><font face=\"Arial Black\">Fonte&nbsp; &#8211;&nbsp; Blog Agreste Mix<\/font><\/font><\/p>\n<div style=\"margin-top: 0px; margin-bottom: 0px;\" class=\"sharethis-inline-share-buttons\" ><\/div>","protected":false},"excerpt":{"rendered":"<p>A cavalgada da Aleluia ressurgiu no ano de 2013 para contar e resgatar a hist\u00f3ria do nosso munic\u00edpio, essa que estava perdendo a tradi\u00e7\u00e3o. Contam os mais velhos que no in\u00edcio da cria\u00e7\u00e3o da nossa cidade, quando ainda pertenc\u00edamos a Bom Conselho, era costume da terra um morador encontrar a chamada \u201caleluia\u201d, ou a inspira\u00e7\u00e3o [&hellip;]<\/p>\n","protected":false},"author":1,"featured_media":0,"comment_status":"open","ping_status":"open","sticky":false,"template":"","format":"standard","meta":{"footnotes":""},"categories":[2],"tags":[],"class_list":["post-750","post","type-post","status-publish","format-standard","hentry","category-noticias-do-dia"],"_links":{"self":[{"href":"https:\/\/www.saloanoticias.com\/v1\/wp-json\/wp\/v2\/posts\/750","targetHints":{"allow":["GET"]}}],"collection":[{"href":"https:\/\/www.saloanoticias.com\/v1\/wp-json\/wp\/v2\/posts"}],"about":[{"href":"https:\/\/www.saloanoticias.com\/v1\/wp-json\/wp\/v2\/types\/post"}],"author":[{"embeddable":true,"href":"https:\/\/www.saloanoticias.com\/v1\/wp-json\/wp\/v2\/users\/1"}],"replies":[{"embeddable":true,"href":"https:\/\/www.saloanoticias.com\/v1\/wp-json\/wp\/v2\/comments?post=750"}],"version-history":[{"count":0,"href":"https:\/\/www.saloanoticias.com\/v1\/wp-json\/wp\/v2\/posts\/750\/revisions"}],"wp:attachment":[{"href":"https:\/\/www.saloanoticias.com\/v1\/wp-json\/wp\/v2\/media?parent=750"}],"wp:term":[{"taxonomy":"category","embeddable":true,"href":"https:\/\/www.saloanoticias.com\/v1\/wp-json\/wp\/v2\/categories?post=750"},{"taxonomy":"post_tag","embeddable":true,"href":"https:\/\/www.saloanoticias.com\/v1\/wp-json\/wp\/v2\/tags?post=750"}],"curies":[{"name":"wp","href":"https:\/\/api.w.org\/{rel}","templated":true}]}}