{"id":7490,"date":"2019-04-03T12:52:00","date_gmt":"2019-04-03T12:52:00","guid":{"rendered":"https:\/\/saloanoticias.com\/v1\/?p=7490"},"modified":"2019-04-03T13:08:29","modified_gmt":"2019-04-03T13:08:29","slug":"assembleia-de-deus-comemora-o-2o-ano-do-adoradores-da-ultima-hora","status":"publish","type":"post","link":"https:\/\/www.saloanoticias.com\/v1\/assembleia-de-deus-comemora-o-2o-ano-do-adoradores-da-ultima-hora\/","title":{"rendered":"ASSEMBLEIA DE DEUS COMEMORA O 1\u00ba ANO DO ADORADORES DA \u00daLTIMA HORA"},"content":{"rendered":"<p><img loading=\"lazy\" decoding=\"async\" class=\"aligncenter wp-image-7492\" src=\"https:\/\/saloanoticias.com\/v1\/wp-content\/uploads\/2019\/04\/ieadpe-saloa-1.jpg\" alt=\"\" width=\"1002\" height=\"1445\" \/>Acontece nos dias 6 e 7 de abril, pr\u00f3ximo s\u00e1bado e domingo, a festa de 1\u00ba Ano do Conjunto Masculino Adoradores da \u00daltima Hora da IEADPE \u2013 Igreja Evang\u00e9lica Assembleia de Deus na cidade de Salo\u00e1\/PE, com o tema: \u201cO SENHOR \u00c9 CONTIGO\u201d, que est\u00e1 em Ju\u00edzes 6.12. Consta na programa\u00e7\u00e3o a presen\u00e7a de cantores e pregador especialmente convidados para ministrar durante os dias da festa. Ainda pelas informa\u00e7\u00f5es o evento termina na noite de domingo (7), com um grande culto de encerramento. Estar\u00e3o participando deste momento festivo v\u00e1rios conjuntos vindos de outras cidades da regi\u00e3o.<\/p>\n<p><img loading=\"lazy\" decoding=\"async\" width=\"960\" height=\"720\" class=\"aligncenter size-full wp-image-7494\" src=\"https:\/\/saloanoticias.com\/v1\/wp-content\/uploads\/2019\/04\/ieadpe-saloa-pe.jpg\" alt=\"\" srcset=\"https:\/\/www.saloanoticias.com\/v1\/wp-content\/uploads\/2019\/04\/ieadpe-saloa-pe.jpg 960w, https:\/\/www.saloanoticias.com\/v1\/wp-content\/uploads\/2019\/04\/ieadpe-saloa-pe-300x225.jpg 300w, https:\/\/www.saloanoticias.com\/v1\/wp-content\/uploads\/2019\/04\/ieadpe-saloa-pe-768x576.jpg 768w\" sizes=\"auto, (max-width: 960px) 100vw, 960px\" \/><\/p>\n<p>O Conjunto Adoradores da \u00daltima Hora tem a organiza\u00e7\u00e3o e dire\u00e7\u00e3o geral do Di\u00e1cono Joselito F\u00e9lix. A IEADPE em Salo\u00e1 tem a dire\u00e7\u00e3o do pastor Regotier Martins e a presid\u00eancia do pastor Ailton Jos\u00e9 Alves e fica localizada na Rua Rold\u00e3o Ten\u00f3rio Cavalcante, n.\u00ba 100, no centro da cidade. Vem e traga sua fam\u00edlia para participar desta festa do povo de Deus. Com certeza o Senhor tem uma palavra ao seu cora\u00e7\u00e3o !<\/p>\n<div style=\"margin-top: 0px; margin-bottom: 0px;\" class=\"sharethis-inline-share-buttons\" ><\/div>","protected":false},"excerpt":{"rendered":"<p>Acontece nos dias 6 e 7 de abril, pr\u00f3ximo s\u00e1bado e domingo, a festa de 1\u00ba Ano do Conjunto Masculino Adoradores da \u00daltima Hora da IEADPE \u2013 Igreja Evang\u00e9lica Assembleia de Deus na cidade de Salo\u00e1\/PE, com o tema: \u201cO SENHOR \u00c9 CONTIGO\u201d, que est\u00e1 em Ju\u00edzes 6.12. Consta na programa\u00e7\u00e3o a presen\u00e7a de cantores [&hellip;]<\/p>\n","protected":false},"author":2,"featured_media":7494,"comment_status":"open","ping_status":"open","sticky":false,"template":"","format":"standard","meta":{"footnotes":""},"categories":[2],"tags":[],"class_list":["post-7490","post","type-post","status-publish","format-standard","has-post-thumbnail","hentry","category-noticias-do-dia"],"_links":{"self":[{"href":"https:\/\/www.saloanoticias.com\/v1\/wp-json\/wp\/v2\/posts\/7490","targetHints":{"allow":["GET"]}}],"collection":[{"href":"https:\/\/www.saloanoticias.com\/v1\/wp-json\/wp\/v2\/posts"}],"about":[{"href":"https:\/\/www.saloanoticias.com\/v1\/wp-json\/wp\/v2\/types\/post"}],"author":[{"embeddable":true,"href":"https:\/\/www.saloanoticias.com\/v1\/wp-json\/wp\/v2\/users\/2"}],"replies":[{"embeddable":true,"href":"https:\/\/www.saloanoticias.com\/v1\/wp-json\/wp\/v2\/comments?post=7490"}],"version-history":[{"count":7,"href":"https:\/\/www.saloanoticias.com\/v1\/wp-json\/wp\/v2\/posts\/7490\/revisions"}],"predecessor-version":[{"id":7500,"href":"https:\/\/www.saloanoticias.com\/v1\/wp-json\/wp\/v2\/posts\/7490\/revisions\/7500"}],"wp:featuredmedia":[{"embeddable":true,"href":"https:\/\/www.saloanoticias.com\/v1\/wp-json\/wp\/v2\/media\/7494"}],"wp:attachment":[{"href":"https:\/\/www.saloanoticias.com\/v1\/wp-json\/wp\/v2\/media?parent=7490"}],"wp:term":[{"taxonomy":"category","embeddable":true,"href":"https:\/\/www.saloanoticias.com\/v1\/wp-json\/wp\/v2\/categories?post=7490"},{"taxonomy":"post_tag","embeddable":true,"href":"https:\/\/www.saloanoticias.com\/v1\/wp-json\/wp\/v2\/tags?post=7490"}],"curies":[{"name":"wp","href":"https:\/\/api.w.org\/{rel}","templated":true}]}}