{"id":748,"date":"2014-03-18T19:49:05","date_gmt":"2014-03-18T19:49:05","guid":{"rendered":"https:\/\/saloanoticias.mrmediaweb.com\/v1\/2014\/03\/18\/saloaense-continua-desaparecido\/"},"modified":"2014-03-18T19:49:05","modified_gmt":"2014-03-18T19:49:05","slug":"saloaense-continua-desaparecido","status":"publish","type":"post","link":"https:\/\/www.saloanoticias.com\/v1\/saloaense-continua-desaparecido\/","title":{"rendered":"SALOAENSE CONTINUA DESAPARECIDO"},"content":{"rendered":"<p align=\"justify\"><font size=\"3\" face=\"Arial\"><a href=\"http:\/\/www.saloanoticias.com\/images\/foto-40.jpg\"><img loading=\"lazy\" decoding=\"async\" title=\"foto (40)\" style=\"border-top: 0px; border-right: 0px; background-image: none; border-bottom: 0px; float: left; padding-top: 0px; padding-left: 0px; margin: 5px 5px 0px 0px; border-left: 0px; display: inline; padding-right: 0px\" border=\"0\" alt=\"foto (40)\" src=\"http:\/\/www.saloanoticias.com\/v1\/wp-content\/uploads\/imagens\/foto-40_thumb.jpg\" width=\"201\" align=\"left\" height=\"199\"><\/a><font face=\"Arial Black\">Adelson Vicente de Lima<\/font>, S<\/font><font size=\"3\" face=\"Arial\">aloaense, natural do povoado Serrinha da Prata, continua desaparecido para desespero de seus parentes e amigos. Ele tem 59 anos de idade e sofre de dist\u00farbios mentais e psicol\u00f3gicos e h\u00e1 mais de 2 semanas ningu\u00e9m sabe o seu paradeiro. Se voc\u00ea viu essa pessoa ou tem alguma informa\u00e7\u00e3o, por favor entre em contato com o nosso blog ou atrav\u00e9s dos telefones a seguir: <font face=\"Arial Black\">(87) 8129-7843<\/font> ou <font face=\"Arial Black\">8101-0553<\/font> ou ainda pelo n\u00famero <font face=\"Arial Black\">(11) 9 7584-5761<\/font>. Agradecemos desde j\u00e1 a colabora\u00e7\u00e3o de todos e a aten\u00e7\u00e3o.<\/font><\/p>\n<div style=\"margin-top: 0px; margin-bottom: 0px;\" class=\"sharethis-inline-share-buttons\" ><\/div>","protected":false},"excerpt":{"rendered":"<p>Adelson Vicente de Lima, Saloaense, natural do povoado Serrinha da Prata, continua desaparecido para desespero de seus parentes e amigos. Ele tem 59 anos de idade e sofre de dist\u00farbios mentais e psicol\u00f3gicos e h\u00e1 mais de 2 semanas ningu\u00e9m sabe o seu paradeiro. Se voc\u00ea viu essa pessoa ou tem alguma informa\u00e7\u00e3o, por favor [&hellip;]<\/p>\n","protected":false},"author":1,"featured_media":0,"comment_status":"open","ping_status":"open","sticky":false,"template":"","format":"standard","meta":{"footnotes":""},"categories":[2],"tags":[],"class_list":["post-748","post","type-post","status-publish","format-standard","hentry","category-noticias-do-dia"],"_links":{"self":[{"href":"https:\/\/www.saloanoticias.com\/v1\/wp-json\/wp\/v2\/posts\/748","targetHints":{"allow":["GET"]}}],"collection":[{"href":"https:\/\/www.saloanoticias.com\/v1\/wp-json\/wp\/v2\/posts"}],"about":[{"href":"https:\/\/www.saloanoticias.com\/v1\/wp-json\/wp\/v2\/types\/post"}],"author":[{"embeddable":true,"href":"https:\/\/www.saloanoticias.com\/v1\/wp-json\/wp\/v2\/users\/1"}],"replies":[{"embeddable":true,"href":"https:\/\/www.saloanoticias.com\/v1\/wp-json\/wp\/v2\/comments?post=748"}],"version-history":[{"count":0,"href":"https:\/\/www.saloanoticias.com\/v1\/wp-json\/wp\/v2\/posts\/748\/revisions"}],"wp:attachment":[{"href":"https:\/\/www.saloanoticias.com\/v1\/wp-json\/wp\/v2\/media?parent=748"}],"wp:term":[{"taxonomy":"category","embeddable":true,"href":"https:\/\/www.saloanoticias.com\/v1\/wp-json\/wp\/v2\/categories?post=748"},{"taxonomy":"post_tag","embeddable":true,"href":"https:\/\/www.saloanoticias.com\/v1\/wp-json\/wp\/v2\/tags?post=748"}],"curies":[{"name":"wp","href":"https:\/\/api.w.org\/{rel}","templated":true}]}}