{"id":7477,"date":"2019-04-03T00:31:03","date_gmt":"2019-04-03T00:31:03","guid":{"rendered":"https:\/\/saloanoticias.com\/v1\/?p=7477"},"modified":"2019-04-03T00:41:13","modified_gmt":"2019-04-03T00:41:13","slug":"prefeitura-de-saloa-recupera-estradas-do-sitio-maciel","status":"publish","type":"post","link":"https:\/\/www.saloanoticias.com\/v1\/prefeitura-de-saloa-recupera-estradas-do-sitio-maciel\/","title":{"rendered":"PREFEITURA DE SALO\u00c1 RECUPERA ESTRADAS DO S\u00cdTIO MACIEL"},"content":{"rendered":"<p><img loading=\"lazy\" decoding=\"async\" width=\"1600\" height=\"900\" class=\"aligncenter size-full wp-image-7478\" src=\"https:\/\/saloanoticias.com\/v1\/wp-content\/uploads\/2019\/04\/sitio-maciel-saloa.jpg\" alt=\"\" srcset=\"https:\/\/www.saloanoticias.com\/v1\/wp-content\/uploads\/2019\/04\/sitio-maciel-saloa.jpg 1600w, https:\/\/www.saloanoticias.com\/v1\/wp-content\/uploads\/2019\/04\/sitio-maciel-saloa-300x169.jpg 300w, https:\/\/www.saloanoticias.com\/v1\/wp-content\/uploads\/2019\/04\/sitio-maciel-saloa-1024x576.jpg 1024w, https:\/\/www.saloanoticias.com\/v1\/wp-content\/uploads\/2019\/04\/sitio-maciel-saloa-768x432.jpg 768w, https:\/\/www.saloanoticias.com\/v1\/wp-content\/uploads\/2019\/04\/sitio-maciel-saloa-1536x864.jpg 1536w\" sizes=\"auto, (max-width: 1600px) 100vw, 1600px\" \/>A Prefeitura Municipal de Salo\u00e1, por meio da Secretaria de Infraestrutura e Servi\u00e7os P\u00fablicos, continua os trabalhos de recupera\u00e7\u00e3o das estradas do munic\u00edpio. Devido as fortes chuvas que ocorreram no Munic\u00edpio nos \u00faltimos dias as estradas que ligam a cidade acabaram ficando danificadas, mas, a prefeitura vem recuperando uma a uma, e das que j\u00e1 foram recuperadas foi a do S\u00edtio Maciel.<\/p>\n<p><img loading=\"lazy\" decoding=\"async\" width=\"1600\" height=\"900\" class=\"aligncenter size-full wp-image-7479\" src=\"https:\/\/saloanoticias.com\/v1\/wp-content\/uploads\/2019\/04\/maciel-saloa-pe.jpg\" alt=\"\" srcset=\"https:\/\/www.saloanoticias.com\/v1\/wp-content\/uploads\/2019\/04\/maciel-saloa-pe.jpg 1600w, https:\/\/www.saloanoticias.com\/v1\/wp-content\/uploads\/2019\/04\/maciel-saloa-pe-300x169.jpg 300w, https:\/\/www.saloanoticias.com\/v1\/wp-content\/uploads\/2019\/04\/maciel-saloa-pe-1024x576.jpg 1024w, https:\/\/www.saloanoticias.com\/v1\/wp-content\/uploads\/2019\/04\/maciel-saloa-pe-768x432.jpg 768w, https:\/\/www.saloanoticias.com\/v1\/wp-content\/uploads\/2019\/04\/maciel-saloa-pe-1536x864.jpg 1536w\" sizes=\"auto, (max-width: 1600px) 100vw, 1600px\" \/><\/p>\n<p>Segundo o Secret\u00e1rio de Infraestrutura e Servi\u00e7os P\u00fablicos, o objetivo \u00e9 oferecer condi\u00e7\u00f5es para que os produtores, moradores e alunos que utilizam as estradas tenham seguran\u00e7a e conforto durante o tr\u00e1fego. As estradas rurais possuem extrema import\u00e2ncia social e ambiental, pois s\u00e3o respons\u00e1veis pelo acesso da popula\u00e7\u00e3o rural a servi\u00e7os b\u00e1sicos como educa\u00e7\u00e3o, sa\u00fade e lazer. A frente de trabalho envolveu servi\u00e7os como terraplanagem, aplica\u00e7\u00e3o de material, e compacta\u00e7\u00e3o das vias no S\u00edtio Maciel.<\/p>\n<div style=\"margin-top: 0px; margin-bottom: 0px;\" class=\"sharethis-inline-share-buttons\" ><\/div>","protected":false},"excerpt":{"rendered":"<p>A Prefeitura Municipal de Salo\u00e1, por meio da Secretaria de Infraestrutura e Servi\u00e7os P\u00fablicos, continua os trabalhos de recupera\u00e7\u00e3o das estradas do munic\u00edpio. Devido as fortes chuvas que ocorreram no Munic\u00edpio nos \u00faltimos dias as estradas que ligam a cidade acabaram ficando danificadas, mas, a prefeitura vem recuperando uma a uma, e das que j\u00e1 [&hellip;]<\/p>\n","protected":false},"author":2,"featured_media":7481,"comment_status":"open","ping_status":"open","sticky":false,"template":"","format":"standard","meta":{"footnotes":""},"categories":[2],"tags":[],"class_list":["post-7477","post","type-post","status-publish","format-standard","has-post-thumbnail","hentry","category-noticias-do-dia"],"_links":{"self":[{"href":"https:\/\/www.saloanoticias.com\/v1\/wp-json\/wp\/v2\/posts\/7477","targetHints":{"allow":["GET"]}}],"collection":[{"href":"https:\/\/www.saloanoticias.com\/v1\/wp-json\/wp\/v2\/posts"}],"about":[{"href":"https:\/\/www.saloanoticias.com\/v1\/wp-json\/wp\/v2\/types\/post"}],"author":[{"embeddable":true,"href":"https:\/\/www.saloanoticias.com\/v1\/wp-json\/wp\/v2\/users\/2"}],"replies":[{"embeddable":true,"href":"https:\/\/www.saloanoticias.com\/v1\/wp-json\/wp\/v2\/comments?post=7477"}],"version-history":[{"count":3,"href":"https:\/\/www.saloanoticias.com\/v1\/wp-json\/wp\/v2\/posts\/7477\/revisions"}],"predecessor-version":[{"id":7483,"href":"https:\/\/www.saloanoticias.com\/v1\/wp-json\/wp\/v2\/posts\/7477\/revisions\/7483"}],"wp:featuredmedia":[{"embeddable":true,"href":"https:\/\/www.saloanoticias.com\/v1\/wp-json\/wp\/v2\/media\/7481"}],"wp:attachment":[{"href":"https:\/\/www.saloanoticias.com\/v1\/wp-json\/wp\/v2\/media?parent=7477"}],"wp:term":[{"taxonomy":"category","embeddable":true,"href":"https:\/\/www.saloanoticias.com\/v1\/wp-json\/wp\/v2\/categories?post=7477"},{"taxonomy":"post_tag","embeddable":true,"href":"https:\/\/www.saloanoticias.com\/v1\/wp-json\/wp\/v2\/tags?post=7477"}],"curies":[{"name":"wp","href":"https:\/\/api.w.org\/{rel}","templated":true}]}}