{"id":7471,"date":"2019-04-02T13:35:34","date_gmt":"2019-04-02T13:35:34","guid":{"rendered":"https:\/\/saloanoticias.com\/v1\/?p=7471"},"modified":"2019-04-02T13:50:23","modified_gmt":"2019-04-02T13:50:23","slug":"estao-abertas-as-inscricoes-para-eleicao-do-conselho-tutelar-de-saloa","status":"publish","type":"post","link":"https:\/\/www.saloanoticias.com\/v1\/estao-abertas-as-inscricoes-para-eleicao-do-conselho-tutelar-de-saloa\/","title":{"rendered":"EST\u00c3O ABERTAS AS INSCRI\u00c7\u00d5ES PARA ELEI\u00c7\u00c3O DO CONSELHO TUTELAR DE SALO\u00c1"},"content":{"rendered":"<p><img loading=\"lazy\" decoding=\"async\" width=\"1500\" height=\"1125\" class=\"aligncenter size-full wp-image-7472\" src=\"https:\/\/saloanoticias.com\/v1\/wp-content\/uploads\/2019\/04\/1527180891_038789_1527181387_noticia_normal.jpg\" alt=\"\" srcset=\"https:\/\/www.saloanoticias.com\/v1\/wp-content\/uploads\/2019\/04\/1527180891_038789_1527181387_noticia_normal.jpg 1500w, https:\/\/www.saloanoticias.com\/v1\/wp-content\/uploads\/2019\/04\/1527180891_038789_1527181387_noticia_normal-300x225.jpg 300w, https:\/\/www.saloanoticias.com\/v1\/wp-content\/uploads\/2019\/04\/1527180891_038789_1527181387_noticia_normal-1024x768.jpg 1024w, https:\/\/www.saloanoticias.com\/v1\/wp-content\/uploads\/2019\/04\/1527180891_038789_1527181387_noticia_normal-768x576.jpg 768w\" sizes=\"auto, (max-width: 1500px) 100vw, 1500px\" \/>O Conselho Municipal dos Direitos da Crian\u00e7a e do Adolescente (CMDCA) publicou, nesta segunda-feira (01), o edital que regulamenta o processo de escolha dos membros do Conselho Tutelar de Salo\u00e1 para o quadri\u00eanio 2020\/2024. A inscri\u00e7\u00e3o de candidatos teve in\u00edcio nesta segunda feira (01) e segue at\u00e9 o dia 02 de maio e agora com uma novidade, o eleitor poder\u00e1 escolher apenas (um) candidato, j\u00e1 que em elei\u00e7\u00f5es passadas podiam votar em at\u00e9 5 (cinco). Agora a elei\u00e7\u00e3o para Conselheiro acontecer\u00e1 em data \u00fanica em todo o pa\u00eds no primeiro domingo de outubro, ou seja, 06\/10\/2019.<\/p>\n<p>O conselho tutelar ser\u00e1 composto por cinco membros titulares e cinco membros suplentes para o mandato de quatro anos, e para se inscrever no processo de sele\u00e7\u00e3o o candidato deve atender todos os requisitos do edital que est\u00e1 exposto nos pr\u00e9dios da Prefeitura Municipal, CREAS, CRAS, Secretarias de Sa\u00fade e Educa\u00e7\u00e3o, Escolas, CAPS, Delegacia e \u00d3rg\u00e3os P\u00fablicos. A inscri\u00e7\u00e3o dos candidatos ser\u00e1 realizada na sede do CREAS, localizada na Rua Jos\u00e9 Candido Vilela (Rua da Prata) n\u00b0 08, das 09h \u00e0s 16h. Todos os requisitos necess\u00e1rios para a candidatura e outras informa\u00e7\u00f5es est\u00e3o dispon\u00edveis no edital que regulamenta o processo.<\/p>\n<div style=\"margin-top: 0px; margin-bottom: 0px;\" class=\"sharethis-inline-share-buttons\" ><\/div>","protected":false},"excerpt":{"rendered":"<p>O Conselho Municipal dos Direitos da Crian\u00e7a e do Adolescente (CMDCA) publicou, nesta segunda-feira (01), o edital que regulamenta o processo de escolha dos membros do Conselho Tutelar de Salo\u00e1 para o quadri\u00eanio 2020\/2024. A inscri\u00e7\u00e3o de candidatos teve in\u00edcio nesta segunda feira (01) e segue at\u00e9 o dia 02 de maio e agora com [&hellip;]<\/p>\n","protected":false},"author":2,"featured_media":7474,"comment_status":"open","ping_status":"open","sticky":false,"template":"","format":"standard","meta":{"footnotes":""},"categories":[2],"tags":[],"class_list":["post-7471","post","type-post","status-publish","format-standard","has-post-thumbnail","hentry","category-noticias-do-dia"],"_links":{"self":[{"href":"https:\/\/www.saloanoticias.com\/v1\/wp-json\/wp\/v2\/posts\/7471","targetHints":{"allow":["GET"]}}],"collection":[{"href":"https:\/\/www.saloanoticias.com\/v1\/wp-json\/wp\/v2\/posts"}],"about":[{"href":"https:\/\/www.saloanoticias.com\/v1\/wp-json\/wp\/v2\/types\/post"}],"author":[{"embeddable":true,"href":"https:\/\/www.saloanoticias.com\/v1\/wp-json\/wp\/v2\/users\/2"}],"replies":[{"embeddable":true,"href":"https:\/\/www.saloanoticias.com\/v1\/wp-json\/wp\/v2\/comments?post=7471"}],"version-history":[{"count":3,"href":"https:\/\/www.saloanoticias.com\/v1\/wp-json\/wp\/v2\/posts\/7471\/revisions"}],"predecessor-version":[{"id":7476,"href":"https:\/\/www.saloanoticias.com\/v1\/wp-json\/wp\/v2\/posts\/7471\/revisions\/7476"}],"wp:featuredmedia":[{"embeddable":true,"href":"https:\/\/www.saloanoticias.com\/v1\/wp-json\/wp\/v2\/media\/7474"}],"wp:attachment":[{"href":"https:\/\/www.saloanoticias.com\/v1\/wp-json\/wp\/v2\/media?parent=7471"}],"wp:term":[{"taxonomy":"category","embeddable":true,"href":"https:\/\/www.saloanoticias.com\/v1\/wp-json\/wp\/v2\/categories?post=7471"},{"taxonomy":"post_tag","embeddable":true,"href":"https:\/\/www.saloanoticias.com\/v1\/wp-json\/wp\/v2\/tags?post=7471"}],"curies":[{"name":"wp","href":"https:\/\/api.w.org\/{rel}","templated":true}]}}