{"id":747,"date":"2014-03-18T12:30:00","date_gmt":"2014-03-18T12:30:00","guid":{"rendered":"https:\/\/saloanoticias.mrmediaweb.com\/v1\/2014\/03\/18\/saloa-tera-um-dos-maiores-parques-eolicos-do-estado\/"},"modified":"2014-03-18T12:30:00","modified_gmt":"2014-03-18T12:30:00","slug":"saloa-tera-um-dos-maiores-parques-eolicos-do-estado","status":"publish","type":"post","link":"https:\/\/www.saloanoticias.com\/v1\/saloa-tera-um-dos-maiores-parques-eolicos-do-estado\/","title":{"rendered":"SALO\u00c1 TER\u00c1 UM DOS MAIORES PARQUES E\u00d3LICOS DO ESTADO"},"content":{"rendered":"<p align=\"justify\"><font size=\"3\" face=\"Arial\"><a href=\"http:\/\/www.saloanoticias.com\/images\/turbina-elica-01.jpg\"><img loading=\"lazy\" decoding=\"async\" title=\"Turbina e&oacute;lica 01\" style=\"border-top: 0px; border-right: 0px; background-image: none; border-bottom: 0px; float: left; padding-top: 0px; padding-left: 0px; margin: 5px 5px 0px 0px; border-left: 0px; display: inline; padding-right: 0px\" border=\"0\" alt=\"Turbina e&oacute;lica 01\" src=\"http:\/\/www.saloanoticias.com\/v1\/wp-content\/uploads\/imagens\/turbina-elica-01_thumb.jpg\" width=\"292\" align=\"left\" height=\"219\"><\/a>O Agreste dever\u00e1 ter um dos maiores parques de energia e\u00f3lica do Estado. Apenas em Salo\u00e1 duas empresas devem instalar suas turbinas, \u00e9 o caso da PEC-ENERGIA e CASA DOS VENTOS. Nesta segunda feira (17) uma equipe da Pec-Energia esteve em Salo\u00e1 realizando um diagn\u00f3stico socioecon\u00f4mico do munic\u00edpio, preocupada principalmente com as fam\u00edlias das \u00e1reas em que ser\u00e3o instaladas as turbinas e\u00f3licas. Os t\u00e9cnicos foram recebidos pela Diretora de Ensino Suzirlane dos Santos, da Secretaria municipal de Educa\u00e7\u00e3o, que prestou esclarecimentos em rela\u00e7\u00e3o \u00e0 escolaridade na zona rural do munic\u00edpio e os programas que s\u00e3o disponibilizados no sentido de incentivar a continuidade dos estudos e forma\u00e7\u00e3o profissional.<\/font> <\/p>\n<p align=\"justify\"><font size=\"3\" face=\"Arial\">Eles tamb\u00e9m colheram informa\u00e7\u00f5es na Secretaria de Finan\u00e7as, Assist\u00eancia Social e Sa\u00fade. <\/font><font size=\"3\" face=\"Arial\">A Pec-Energia \u00e9 uma Holding, uma Sociedade criada com o objetivo de administrar um grupo de empresas. Neste caso, \u00e9 uma sociedade formada pelas empresas Passarelli, Engeform e a Construbase. Juntas, elas atuam no mercado energ\u00e9tico nos segmentos Hidro, e\u00f3lico e solar, nos Estados do Rio Grande do Sul, Minas Gerais, Mato Grosso, Maranh\u00e3o, Bahia, Sergipe, Rio Grande do Norte e Pernambuco. Em Salo\u00e1, a empresa dever\u00e1 instalar 60 Turbinas, cada uma com capacidade para produzir 2 MW (megawatts) de eletricidade anualmente, suficiente para gerar energia para 600 resid\u00eancias.<\/font> <\/p>\n<p align=\"justify\"><font size=\"3\" face=\"Arial\"><a href=\"http:\/\/www.saloanoticias.com\/images\/turbina-elica-02.jpg\"><img loading=\"lazy\" decoding=\"async\" title=\"Turbina e&oacute;lica 02\" style=\"border-top: 0px; border-right: 0px; background-image: none; border-bottom: 0px; float: right; padding-top: 0px; padding-left: 0px; margin: 5px 0px 0px 5px; border-left: 0px; display: inline; padding-right: 0px\" border=\"0\" alt=\"Turbina e&oacute;lica 02\" src=\"http:\/\/www.saloanoticias.com\/v1\/wp-content\/uploads\/imagens\/turbina-elica-02_thumb.jpg\" width=\"279\" align=\"right\" height=\"172\"><\/a>Segundo o prefeito Ricardo Alves (PMDB), a chegada das empresas de produ\u00e7\u00e3o de Energia E\u00f3lica em Salo\u00e1 representa um ganho significativo para a popula\u00e7\u00e3o, pois os propriet\u00e1rios das terras onde ser\u00e3o implanta\u00e7\u00e3o das turbinas s\u00e3o indenizados, e os recursos, movimentados no pr\u00f3prio munic\u00edpio. <\/font><font size=\"3\" face=\"Arial\">\u201cFala-se de sustentabilidade e n\u00f3s estamos fazendo a nossa parte, dando condi\u00e7\u00f5es para que empresas como a Pec-Energia possa se instalar no munic\u00edpio. Este ano devemos atuar de forma mais incisiva nas quest\u00f5es ambientais, sobretudo no tratamento dos res\u00edduos e na prote\u00e7\u00e3o das matas e nascentes\u201d. Declarou o prefeito.<\/font> <\/p>\n<p align=\"justify\"><font size=\"3\" face=\"Arial Black\">Fonte&nbsp; &#8211;&nbsp; Ascom\/Prefeitura de Salo\u00e1<\/font><\/p>\n<div style=\"margin-top: 0px; margin-bottom: 0px;\" class=\"sharethis-inline-share-buttons\" ><\/div>","protected":false},"excerpt":{"rendered":"<p>O Agreste dever\u00e1 ter um dos maiores parques de energia e\u00f3lica do Estado. Apenas em Salo\u00e1 duas empresas devem instalar suas turbinas, \u00e9 o caso da PEC-ENERGIA e CASA DOS VENTOS. Nesta segunda feira (17) uma equipe da Pec-Energia esteve em Salo\u00e1 realizando um diagn\u00f3stico socioecon\u00f4mico do munic\u00edpio, preocupada principalmente com as fam\u00edlias das \u00e1reas [&hellip;]<\/p>\n","protected":false},"author":1,"featured_media":0,"comment_status":"open","ping_status":"open","sticky":false,"template":"","format":"standard","meta":{"footnotes":""},"categories":[2],"tags":[],"class_list":["post-747","post","type-post","status-publish","format-standard","hentry","category-noticias-do-dia"],"_links":{"self":[{"href":"https:\/\/www.saloanoticias.com\/v1\/wp-json\/wp\/v2\/posts\/747","targetHints":{"allow":["GET"]}}],"collection":[{"href":"https:\/\/www.saloanoticias.com\/v1\/wp-json\/wp\/v2\/posts"}],"about":[{"href":"https:\/\/www.saloanoticias.com\/v1\/wp-json\/wp\/v2\/types\/post"}],"author":[{"embeddable":true,"href":"https:\/\/www.saloanoticias.com\/v1\/wp-json\/wp\/v2\/users\/1"}],"replies":[{"embeddable":true,"href":"https:\/\/www.saloanoticias.com\/v1\/wp-json\/wp\/v2\/comments?post=747"}],"version-history":[{"count":0,"href":"https:\/\/www.saloanoticias.com\/v1\/wp-json\/wp\/v2\/posts\/747\/revisions"}],"wp:attachment":[{"href":"https:\/\/www.saloanoticias.com\/v1\/wp-json\/wp\/v2\/media?parent=747"}],"wp:term":[{"taxonomy":"category","embeddable":true,"href":"https:\/\/www.saloanoticias.com\/v1\/wp-json\/wp\/v2\/categories?post=747"},{"taxonomy":"post_tag","embeddable":true,"href":"https:\/\/www.saloanoticias.com\/v1\/wp-json\/wp\/v2\/tags?post=747"}],"curies":[{"name":"wp","href":"https:\/\/api.w.org\/{rel}","templated":true}]}}