{"id":7465,"date":"2019-04-02T13:17:33","date_gmt":"2019-04-02T13:17:33","guid":{"rendered":"https:\/\/saloanoticias.com\/v1\/?p=7465"},"modified":"2019-04-02T13:27:21","modified_gmt":"2019-04-02T13:27:21","slug":"novas-carteiras-escolares-tras-mais-conforto-ao-estudantes-do-sao-vicente","status":"publish","type":"post","link":"https:\/\/www.saloanoticias.com\/v1\/novas-carteiras-escolares-tras-mais-conforto-ao-estudantes-do-sao-vicente\/","title":{"rendered":"NOVAS CARTEIRAS ESCOLARES TR\u00c1S MAIS CONFORTO AOS ALUNOS DO S\u00c3O VICENTE"},"content":{"rendered":"<p><img loading=\"lazy\" decoding=\"async\" width=\"1600\" height=\"900\" class=\"aligncenter size-full wp-image-7466\" src=\"https:\/\/saloanoticias.com\/v1\/wp-content\/uploads\/2019\/04\/carteira-sao-vicente-saloa.jpg\" alt=\"\" srcset=\"https:\/\/www.saloanoticias.com\/v1\/wp-content\/uploads\/2019\/04\/carteira-sao-vicente-saloa.jpg 1600w, https:\/\/www.saloanoticias.com\/v1\/wp-content\/uploads\/2019\/04\/carteira-sao-vicente-saloa-300x169.jpg 300w, https:\/\/www.saloanoticias.com\/v1\/wp-content\/uploads\/2019\/04\/carteira-sao-vicente-saloa-1024x576.jpg 1024w, https:\/\/www.saloanoticias.com\/v1\/wp-content\/uploads\/2019\/04\/carteira-sao-vicente-saloa-768x432.jpg 768w, https:\/\/www.saloanoticias.com\/v1\/wp-content\/uploads\/2019\/04\/carteira-sao-vicente-saloa-1536x864.jpg 1536w\" sizes=\"auto, (max-width: 1600px) 100vw, 1600px\" \/>A Prefeitura de Salo\u00e1, atrav\u00e9s da Secretaria Municipal de Educa\u00e7\u00e3o, recebeu recentemente, mobili\u00e1rios novos para a reposi\u00e7\u00e3o de algumas salas de aulas da Escola Municipal S\u00e3o Vicente. O mobili\u00e1rio foi adquirido com recursos oriundos de assist\u00eancia financeira do FNDE\/MEC \u2013 Fundo Nacional de Desenvolvimento da Educa\u00e7\u00e3o. Al\u00e9m de tornar as salas de aula mais modernas e agrad\u00e1veis, as novas carteiras escolares visam garantir conforto e prote\u00e7\u00e3o ao corpo e, especialmente, \u00e0 coluna vertebral dos estudantes.<\/p>\n<p><img loading=\"lazy\" decoding=\"async\" width=\"1600\" height=\"900\" class=\"aligncenter size-full wp-image-7467\" src=\"https:\/\/saloanoticias.com\/v1\/wp-content\/uploads\/2019\/04\/sao-vicente-alunos.jpg\" alt=\"\" srcset=\"https:\/\/www.saloanoticias.com\/v1\/wp-content\/uploads\/2019\/04\/sao-vicente-alunos.jpg 1600w, https:\/\/www.saloanoticias.com\/v1\/wp-content\/uploads\/2019\/04\/sao-vicente-alunos-300x169.jpg 300w, https:\/\/www.saloanoticias.com\/v1\/wp-content\/uploads\/2019\/04\/sao-vicente-alunos-1024x576.jpg 1024w, https:\/\/www.saloanoticias.com\/v1\/wp-content\/uploads\/2019\/04\/sao-vicente-alunos-768x432.jpg 768w, https:\/\/www.saloanoticias.com\/v1\/wp-content\/uploads\/2019\/04\/sao-vicente-alunos-1536x864.jpg 1536w\" sizes=\"auto, (max-width: 1600px) 100vw, 1600px\" \/><\/p>\n<p>Anatomicamente adequadas, as novas carteiras devem minimizar os efeitos do cansa\u00e7o e da fadiga nos alunos que ficam sentados durante horas. O Secret\u00e1rio de Educa\u00e7\u00e3o comemorou mais essa conquista e falou que o objetivo da a\u00e7\u00e3o \u00e9 iniciar um trabalho de renova\u00e7\u00e3o e padroniza\u00e7\u00e3o dos mobili\u00e1rios das escolas, oferecendo conforto e qualidade para os estudantes e professores durante a perman\u00eancia dos mesmos nas salas de aula, pontuou \u00c1lvaro Deangelles.<\/p>\n<p><img loading=\"lazy\" decoding=\"async\" width=\"1600\" height=\"900\" class=\"aligncenter size-full wp-image-7468\" src=\"https:\/\/saloanoticias.com\/v1\/wp-content\/uploads\/2019\/04\/sao-vicente-saloape.jpg\" alt=\"\" srcset=\"https:\/\/www.saloanoticias.com\/v1\/wp-content\/uploads\/2019\/04\/sao-vicente-saloape.jpg 1600w, https:\/\/www.saloanoticias.com\/v1\/wp-content\/uploads\/2019\/04\/sao-vicente-saloape-300x169.jpg 300w, https:\/\/www.saloanoticias.com\/v1\/wp-content\/uploads\/2019\/04\/sao-vicente-saloape-1024x576.jpg 1024w, https:\/\/www.saloanoticias.com\/v1\/wp-content\/uploads\/2019\/04\/sao-vicente-saloape-768x432.jpg 768w, https:\/\/www.saloanoticias.com\/v1\/wp-content\/uploads\/2019\/04\/sao-vicente-saloape-1536x864.jpg 1536w\" sizes=\"auto, (max-width: 1600px) 100vw, 1600px\" \/><\/p>\n<div style=\"margin-top: 0px; margin-bottom: 0px;\" class=\"sharethis-inline-share-buttons\" ><\/div>","protected":false},"excerpt":{"rendered":"<p>A Prefeitura de Salo\u00e1, atrav\u00e9s da Secretaria Municipal de Educa\u00e7\u00e3o, recebeu recentemente, mobili\u00e1rios novos para a reposi\u00e7\u00e3o de algumas salas de aulas da Escola Municipal S\u00e3o Vicente. O mobili\u00e1rio foi adquirido com recursos oriundos de assist\u00eancia financeira do FNDE\/MEC \u2013 Fundo Nacional de Desenvolvimento da Educa\u00e7\u00e3o. Al\u00e9m de tornar as salas de aula mais modernas [&hellip;]<\/p>\n","protected":false},"author":2,"featured_media":7466,"comment_status":"open","ping_status":"open","sticky":false,"template":"","format":"standard","meta":{"footnotes":""},"categories":[2],"tags":[],"class_list":["post-7465","post","type-post","status-publish","format-standard","has-post-thumbnail","hentry","category-noticias-do-dia"],"_links":{"self":[{"href":"https:\/\/www.saloanoticias.com\/v1\/wp-json\/wp\/v2\/posts\/7465","targetHints":{"allow":["GET"]}}],"collection":[{"href":"https:\/\/www.saloanoticias.com\/v1\/wp-json\/wp\/v2\/posts"}],"about":[{"href":"https:\/\/www.saloanoticias.com\/v1\/wp-json\/wp\/v2\/types\/post"}],"author":[{"embeddable":true,"href":"https:\/\/www.saloanoticias.com\/v1\/wp-json\/wp\/v2\/users\/2"}],"replies":[{"embeddable":true,"href":"https:\/\/www.saloanoticias.com\/v1\/wp-json\/wp\/v2\/comments?post=7465"}],"version-history":[{"count":2,"href":"https:\/\/www.saloanoticias.com\/v1\/wp-json\/wp\/v2\/posts\/7465\/revisions"}],"predecessor-version":[{"id":7470,"href":"https:\/\/www.saloanoticias.com\/v1\/wp-json\/wp\/v2\/posts\/7465\/revisions\/7470"}],"wp:featuredmedia":[{"embeddable":true,"href":"https:\/\/www.saloanoticias.com\/v1\/wp-json\/wp\/v2\/media\/7466"}],"wp:attachment":[{"href":"https:\/\/www.saloanoticias.com\/v1\/wp-json\/wp\/v2\/media?parent=7465"}],"wp:term":[{"taxonomy":"category","embeddable":true,"href":"https:\/\/www.saloanoticias.com\/v1\/wp-json\/wp\/v2\/categories?post=7465"},{"taxonomy":"post_tag","embeddable":true,"href":"https:\/\/www.saloanoticias.com\/v1\/wp-json\/wp\/v2\/tags?post=7465"}],"curies":[{"name":"wp","href":"https:\/\/api.w.org\/{rel}","templated":true}]}}