{"id":7460,"date":"2019-04-01T00:05:13","date_gmt":"2019-04-01T00:05:13","guid":{"rendered":"https:\/\/saloanoticias.com\/v1\/?p=7460"},"modified":"2019-04-01T00:09:58","modified_gmt":"2019-04-01T00:09:58","slug":"veja-a-terceira-parte-das-fotos-do-premio-melhores-do-ano-em-saloa","status":"publish","type":"post","link":"https:\/\/www.saloanoticias.com\/v1\/veja-a-terceira-parte-das-fotos-do-premio-melhores-do-ano-em-saloa\/","title":{"rendered":"VEJA A TERCEIRA PARTE DAS FOTOS DO PR\u00caMIO MELHORES DO ANO EM SALO\u00c1"},"content":{"rendered":"<p><img loading=\"lazy\" decoding=\"async\" class=\"aligncenter wp-image-7461\" src=\"https:\/\/saloanoticias.com\/v1\/wp-content\/uploads\/2019\/04\/melhores-ano-saloa.gif\" alt=\"\" width=\"1125\" height=\"744\" \/>Confira a terceira parte das fotos do pr\u00eamio \u201cMelhores do Ano de 2018\u201d na cidade de Salo\u00e1\/PE, evento realizado na quarta-feira, dia 20 de mar\u00e7o de 2019 no Centro de Coniv\u00eancia de Idosos e que contou com a presen\u00e7a de dezenas de empres\u00e1rios, pol\u00edticos e comerciantes. O evento foi organizado pela empresa 7 Sinais e a R\u00e1dio Saloaense FM.<\/p>\n<div style=\"margin-top: 0px; margin-bottom: 0px;\" class=\"sharethis-inline-share-buttons\" ><\/div>","protected":false},"excerpt":{"rendered":"<p>Confira a terceira parte das fotos do pr\u00eamio \u201cMelhores do Ano de 2018\u201d na cidade de Salo\u00e1\/PE, evento realizado na quarta-feira, dia 20 de mar\u00e7o de 2019 no Centro de Coniv\u00eancia de Idosos e que contou com a presen\u00e7a de dezenas de empres\u00e1rios, pol\u00edticos e comerciantes. O evento foi organizado pela empresa 7 Sinais e [&hellip;]<\/p>\n","protected":false},"author":2,"featured_media":7464,"comment_status":"open","ping_status":"open","sticky":false,"template":"","format":"standard","meta":{"footnotes":""},"categories":[2],"tags":[],"class_list":["post-7460","post","type-post","status-publish","format-standard","has-post-thumbnail","hentry","category-noticias-do-dia"],"_links":{"self":[{"href":"https:\/\/www.saloanoticias.com\/v1\/wp-json\/wp\/v2\/posts\/7460","targetHints":{"allow":["GET"]}}],"collection":[{"href":"https:\/\/www.saloanoticias.com\/v1\/wp-json\/wp\/v2\/posts"}],"about":[{"href":"https:\/\/www.saloanoticias.com\/v1\/wp-json\/wp\/v2\/types\/post"}],"author":[{"embeddable":true,"href":"https:\/\/www.saloanoticias.com\/v1\/wp-json\/wp\/v2\/users\/2"}],"replies":[{"embeddable":true,"href":"https:\/\/www.saloanoticias.com\/v1\/wp-json\/wp\/v2\/comments?post=7460"}],"version-history":[{"count":1,"href":"https:\/\/www.saloanoticias.com\/v1\/wp-json\/wp\/v2\/posts\/7460\/revisions"}],"predecessor-version":[{"id":7463,"href":"https:\/\/www.saloanoticias.com\/v1\/wp-json\/wp\/v2\/posts\/7460\/revisions\/7463"}],"wp:featuredmedia":[{"embeddable":true,"href":"https:\/\/www.saloanoticias.com\/v1\/wp-json\/wp\/v2\/media\/7464"}],"wp:attachment":[{"href":"https:\/\/www.saloanoticias.com\/v1\/wp-json\/wp\/v2\/media?parent=7460"}],"wp:term":[{"taxonomy":"category","embeddable":true,"href":"https:\/\/www.saloanoticias.com\/v1\/wp-json\/wp\/v2\/categories?post=7460"},{"taxonomy":"post_tag","embeddable":true,"href":"https:\/\/www.saloanoticias.com\/v1\/wp-json\/wp\/v2\/tags?post=7460"}],"curies":[{"name":"wp","href":"https:\/\/api.w.org\/{rel}","templated":true}]}}