{"id":746,"date":"2014-03-17T22:09:05","date_gmt":"2014-03-17T22:09:05","guid":{"rendered":"https:\/\/saloanoticias.mrmediaweb.com\/v1\/2014\/03\/17\/vereador-ronaldinho-pede-torre-da-vivo-na-prata-e-na-serrinha\/"},"modified":"2014-03-17T22:09:05","modified_gmt":"2014-03-17T22:09:05","slug":"vereador-ronaldinho-pede-torre-da-vivo-na-prata-e-na-serrinha","status":"publish","type":"post","link":"https:\/\/www.saloanoticias.com\/v1\/vereador-ronaldinho-pede-torre-da-vivo-na-prata-e-na-serrinha\/","title":{"rendered":"VEREADOR RONALDINHO PEDE TORRE DA VIVO NA PRATA E NA SERRINHA"},"content":{"rendered":"<p align=\"justify\"><font size=\"3\" face=\"Arial\"><a href=\"http:\/\/www.saloanoticias.com\/images\/ronaldinho-birunda-2_3a2be7f4b5a8e721809ba7954d189da9.jpg\"><img loading=\"lazy\" decoding=\"async\" title=\"Ronaldinho Birunda 2\" style=\"border-top: 0px; border-right: 0px; background-image: none; border-bottom: 0px; float: left; padding-top: 0px; padding-left: 0px; margin: 10px 10px 0px 0px; border-left: 0px; display: inline; padding-right: 0px\" border=\"0\" alt=\"Ronaldinho Birunda 2\" src=\"http:\/\/www.saloanoticias.com\/v1\/wp-content\/uploads\/imagens\/ronaldinho-birunda-2_thumb_5086735490c78671d0574f37cdfcd344.jpg\" width=\"231\" align=\"left\" height=\"207\"><\/a>O vereador e presidente da c\u00e2mara dos vereadores de Salo\u00e1\/PE Ronaldinho, vem desempenhando um bom trabalho a frente do legislativo municipal e recebendo elogios pelos seus projetos e requerimentos apresentados que tem por objetivo facilitar as vidas dos seus conterr\u00e2neos. No dia 20 de fevereiro de 2014 o vereador apresentou mais o requerimento n.\u00ba 021\/14 solicitando a empresa de telefonia Vivo a instala\u00e7\u00e3o de duas torres de celular, uma na Vila de Iatec\u00e1 e outra no Povoado Serrinha da Prata. Segundo o vereador, faz-se necess\u00e1rio atualmente a aten\u00e7\u00e3o desta empresa no sentido de interligar as v\u00e1rias localidades do munic\u00edpio atrav\u00e9s da telefonia m\u00f3vel, pois, com isso, facilitaria a vida destas popula\u00e7\u00f5es.<\/font><\/p>\n<p align=\"justify\"><font size=\"3\" face=\"Arial\">Ainda segundo ele, isso traz desenvolvimento para o munic\u00edpio e faz com que as pessoas se comuniquem ainda mais pelo servi\u00e7o de voz e internet. Este requerimento foi aprovado pela unanimidade dos vereadores presentes na sess\u00e3o e muito elogiada por populares, principalmente na Prata e Serrinha. O pedido do vereador foi encaminhado ao dDiretor Executivo da Vivo Nordeste e espera receber uma resposta positiva de sua solicita\u00e7\u00e3o. Esta \u00e9 mais uma proposta bastante significante do vereador.<\/font><\/p>\n<p align=\"justify\"><font size=\"3\" face=\"Arial Black\">Fonte&nbsp; &#8211;&nbsp; Ascom do Vereador Ronaldinho<\/font><\/p>\n<div style=\"margin-top: 0px; margin-bottom: 0px;\" class=\"sharethis-inline-share-buttons\" ><\/div>","protected":false},"excerpt":{"rendered":"<p>O vereador e presidente da c\u00e2mara dos vereadores de Salo\u00e1\/PE Ronaldinho, vem desempenhando um bom trabalho a frente do legislativo municipal e recebendo elogios pelos seus projetos e requerimentos apresentados que tem por objetivo facilitar as vidas dos seus conterr\u00e2neos. No dia 20 de fevereiro de 2014 o vereador apresentou mais o requerimento n.\u00ba 021\/14 [&hellip;]<\/p>\n","protected":false},"author":1,"featured_media":0,"comment_status":"open","ping_status":"open","sticky":false,"template":"","format":"standard","meta":{"footnotes":""},"categories":[2],"tags":[],"class_list":["post-746","post","type-post","status-publish","format-standard","hentry","category-noticias-do-dia"],"_links":{"self":[{"href":"https:\/\/www.saloanoticias.com\/v1\/wp-json\/wp\/v2\/posts\/746","targetHints":{"allow":["GET"]}}],"collection":[{"href":"https:\/\/www.saloanoticias.com\/v1\/wp-json\/wp\/v2\/posts"}],"about":[{"href":"https:\/\/www.saloanoticias.com\/v1\/wp-json\/wp\/v2\/types\/post"}],"author":[{"embeddable":true,"href":"https:\/\/www.saloanoticias.com\/v1\/wp-json\/wp\/v2\/users\/1"}],"replies":[{"embeddable":true,"href":"https:\/\/www.saloanoticias.com\/v1\/wp-json\/wp\/v2\/comments?post=746"}],"version-history":[{"count":0,"href":"https:\/\/www.saloanoticias.com\/v1\/wp-json\/wp\/v2\/posts\/746\/revisions"}],"wp:attachment":[{"href":"https:\/\/www.saloanoticias.com\/v1\/wp-json\/wp\/v2\/media?parent=746"}],"wp:term":[{"taxonomy":"category","embeddable":true,"href":"https:\/\/www.saloanoticias.com\/v1\/wp-json\/wp\/v2\/categories?post=746"},{"taxonomy":"post_tag","embeddable":true,"href":"https:\/\/www.saloanoticias.com\/v1\/wp-json\/wp\/v2\/tags?post=746"}],"curies":[{"name":"wp","href":"https:\/\/api.w.org\/{rel}","templated":true}]}}