{"id":7453,"date":"2019-03-30T14:45:56","date_gmt":"2019-03-30T14:45:56","guid":{"rendered":"https:\/\/saloanoticias.com\/v1\/?p=7453"},"modified":"2019-03-30T15:00:49","modified_gmt":"2019-03-30T15:00:49","slug":"com-90-de-aprovacao-ricardo-alves-foi-eleito-o-politico-mais-atuante-de-saloa","status":"publish","type":"post","link":"https:\/\/www.saloanoticias.com\/v1\/com-90-de-aprovacao-ricardo-alves-foi-eleito-o-politico-mais-atuante-de-saloa\/","title":{"rendered":"COM 90% DE APROVA\u00c7\u00c3O RICARDO FOI ELEITO O POL\u00cdTICO MAIS ATUANTE DE SALOA"},"content":{"rendered":"<p><img loading=\"lazy\" decoding=\"async\" width=\"2048\" height=\"1356\" class=\"aligncenter size-full wp-image-7454\" src=\"https:\/\/saloanoticias.com\/v1\/wp-content\/uploads\/2019\/03\/praca-sao-vicente.jpg\" alt=\"\" srcset=\"https:\/\/www.saloanoticias.com\/v1\/wp-content\/uploads\/2019\/03\/praca-sao-vicente.jpg 2048w, https:\/\/www.saloanoticias.com\/v1\/wp-content\/uploads\/2019\/03\/praca-sao-vicente-300x199.jpg 300w, https:\/\/www.saloanoticias.com\/v1\/wp-content\/uploads\/2019\/03\/praca-sao-vicente-1024x678.jpg 1024w, https:\/\/www.saloanoticias.com\/v1\/wp-content\/uploads\/2019\/03\/praca-sao-vicente-768x509.jpg 768w, https:\/\/www.saloanoticias.com\/v1\/wp-content\/uploads\/2019\/03\/praca-sao-vicente-1536x1017.jpg 1536w\" sizes=\"auto, (max-width: 2048px) 100vw, 2048px\" \/>O prefeito de Salo\u00e1 recebeu no \u00faltimo dia 27 de mar\u00e7o, o pr\u00eamio de pol\u00edtico mais atuante do Munic\u00edpio, tendo uma aprova\u00e7\u00e3o recorde de mais de 90% por parte da popula\u00e7\u00e3o. Ricardo n\u00e3o p\u00f4de estar presente na solenidade de entrega e foi representado pelo secret\u00e1rio de assist\u00eancia social Carlos Ouro Preto, que tamb\u00e9m foi premiado como o secret\u00e1rio mais bem avaliado pelo povo. O desempenho de Ricardo como gestor vem tendo um crescimento exponencial ao longo dos anos devido a sua vis\u00e3o inovadora e eficiente em rela\u00e7\u00e3o ao seu Munic\u00edpio.<\/p>\n<p>Segundo Aldo Santos da Empresa 7 Sinais, realizadora da pesquisa, o resultado foi surpreendente, pois, para um pol\u00edtico ser bem avaliado assim \u00e9 necess\u00e1rio muito trabalho em prol da popula\u00e7\u00e3o. O pr\u00eamio &#8220;Melhores de Salo\u00e1&#8221; \u00e9 idealizado pela 7 Sinais em parceria com a R\u00e1dio Saloaense FM e feita atrav\u00e9s de pesquisa de opini\u00e3o p\u00fablica com question\u00e1rios f\u00edsicos entregues as pessoas e pelas plataformas digitais. Esse evento vem se consolidando na cidade e j\u00e1 faz parte do calend\u00e1rio festivo dos saloaenses, j\u00e1 que premia os melhores do ano.<\/p>\n<div style=\"margin-top: 0px; margin-bottom: 0px;\" class=\"sharethis-inline-share-buttons\" ><\/div>","protected":false},"excerpt":{"rendered":"<p>O prefeito de Salo\u00e1 recebeu no \u00faltimo dia 27 de mar\u00e7o, o pr\u00eamio de pol\u00edtico mais atuante do Munic\u00edpio, tendo uma aprova\u00e7\u00e3o recorde de mais de 90% por parte da popula\u00e7\u00e3o. Ricardo n\u00e3o p\u00f4de estar presente na solenidade de entrega e foi representado pelo secret\u00e1rio de assist\u00eancia social Carlos Ouro Preto, que tamb\u00e9m foi premiado [&hellip;]<\/p>\n","protected":false},"author":2,"featured_media":7454,"comment_status":"open","ping_status":"open","sticky":false,"template":"","format":"standard","meta":{"footnotes":""},"categories":[2],"tags":[],"class_list":["post-7453","post","type-post","status-publish","format-standard","has-post-thumbnail","hentry","category-noticias-do-dia"],"_links":{"self":[{"href":"https:\/\/www.saloanoticias.com\/v1\/wp-json\/wp\/v2\/posts\/7453","targetHints":{"allow":["GET"]}}],"collection":[{"href":"https:\/\/www.saloanoticias.com\/v1\/wp-json\/wp\/v2\/posts"}],"about":[{"href":"https:\/\/www.saloanoticias.com\/v1\/wp-json\/wp\/v2\/types\/post"}],"author":[{"embeddable":true,"href":"https:\/\/www.saloanoticias.com\/v1\/wp-json\/wp\/v2\/users\/2"}],"replies":[{"embeddable":true,"href":"https:\/\/www.saloanoticias.com\/v1\/wp-json\/wp\/v2\/comments?post=7453"}],"version-history":[{"count":5,"href":"https:\/\/www.saloanoticias.com\/v1\/wp-json\/wp\/v2\/posts\/7453\/revisions"}],"predecessor-version":[{"id":7459,"href":"https:\/\/www.saloanoticias.com\/v1\/wp-json\/wp\/v2\/posts\/7453\/revisions\/7459"}],"wp:featuredmedia":[{"embeddable":true,"href":"https:\/\/www.saloanoticias.com\/v1\/wp-json\/wp\/v2\/media\/7454"}],"wp:attachment":[{"href":"https:\/\/www.saloanoticias.com\/v1\/wp-json\/wp\/v2\/media?parent=7453"}],"wp:term":[{"taxonomy":"category","embeddable":true,"href":"https:\/\/www.saloanoticias.com\/v1\/wp-json\/wp\/v2\/categories?post=7453"},{"taxonomy":"post_tag","embeddable":true,"href":"https:\/\/www.saloanoticias.com\/v1\/wp-json\/wp\/v2\/tags?post=7453"}],"curies":[{"name":"wp","href":"https:\/\/api.w.org\/{rel}","templated":true}]}}