{"id":745,"date":"2014-03-17T21:51:02","date_gmt":"2014-03-17T21:51:02","guid":{"rendered":"https:\/\/saloanoticias.mrmediaweb.com\/v1\/2014\/03\/17\/armando-humberto-joao-paulo-e-a-defesa-a-dilma-na-zona-da-mata\/"},"modified":"2014-03-17T21:51:02","modified_gmt":"2014-03-17T21:51:02","slug":"armando-humberto-joao-paulo-e-a-defesa-a-dilma-na-zona-da-mata","status":"publish","type":"post","link":"https:\/\/www.saloanoticias.com\/v1\/armando-humberto-joao-paulo-e-a-defesa-a-dilma-na-zona-da-mata\/","title":{"rendered":"ARMANDO, HUMBERTO, JO\u00c3O PAULO E A DEFESA A DILMA NA ZONA DA MATA"},"content":{"rendered":"<p align=\"justify\"><font face=\"Arial\"><font size=\"3\"><a href=\"http:\/\/www.saloanoticias.com\/images\/armando_monteiro_5bca122d01bd10b07556bf04a9785de6.jpg\"><img loading=\"lazy\" decoding=\"async\" title=\"Armando_Monteiro\" style=\"border-top: 0px; border-right: 0px; background-image: none; border-bottom: 0px; float: none; padding-top: 0px; padding-left: 0px; margin: 0px auto 10px; border-left: 0px; display: block; padding-right: 0px\" border=\"0\" alt=\"Armando_Monteiro\" src=\"http:\/\/www.saloanoticias.com\/v1\/wp-content\/uploads\/imagens\/armando_monteiro_thumb_8a9048746dfc43a9b90db48a6595971b.jpg\" width=\"575\" height=\"383\"><\/a>Na expectativa para a vinda do ex-presidente Lula ao Estado em abril, as lideran\u00e7as do PT e do PTB come\u00e7am a cumprir agendas conjuntas pelo interior, defendendo o legado das gest\u00f5es petistas no Brasil e em Pernambuco. Neste s\u00e1bado (15) eles andam na Zona da Mata, reafirmando que continuam a fazer parte de uma alian\u00e7a pol\u00edtica e administrativa que &#8220;ajudou a mudar a face de Pernambuco&#8221;. Os senadores Armando Monteiro (PTB) e Humberto Costa (PT) e os deputados federais petistas Jo\u00e3o Paulo e Pedro Eug\u00eanio&nbsp; cumprem roteiro nos munic\u00edpios de Paudalho, Carpina, Nazar\u00e9 da Mata, Itaquitinga, Condado e Itamb\u00e9. Todos se mostram confiantes no fortalecimento&nbsp; da alian\u00e7a entre PTB e PT para a defesa em Pernambuco da reelei\u00e7\u00e3o da presidente Dilma Rousseff.<\/font><\/font><\/p>\n<p align=\"justify\"><font face=\"Arial\"><font size=\"3\">Em entrevista \u00e0 Radio Paudalho FM, o deputado Jo\u00e3o Paulo lembrou da alian\u00e7a hist\u00f3rica do PT com o PTB do senador Armando Monteiro, realizada inclusive ao longo das gest\u00f5es petistas \u00e0 frente da prefeitura do Recife. &#8220;O PTB participou da minha primeira gest\u00e3o e deu grande contribui\u00e7\u00e3o para a aprova\u00e7\u00e3o popular que obtive. Fui reeleito e continuei a contar com o PTB. Agora vamos dar continuidade a esta parceria para trabalhar pela reelei\u00e7\u00e3o de Dilma&#8221;, afirmou Jo\u00e3o Paulo, para quem &#8220;Armando Monteiro nunca fez jogo duplo&#8221;. O senador Humberto Costa disse que o PT est\u00e1 fazendo um debate aprofundado sobre a alian\u00e7a com o PTB, e que o partido ir\u00e1 tomar uma decis\u00e3o democr\u00e1tica. &#8220;Pelo que tenho sentido, h\u00e1 uma maioria que quer apoiar Armando. J\u00e1 estive com a presidente Dilma e com o ex-presidente Lula e eles me disseram que este \u00e9 o melhor caminho&#8221;, antecipou.<\/font><\/font><\/p>\n<p align=\"justify\"><font face=\"Arial\"><font size=\"3\">Ao lado dos petistas, Armando Monteiro registrou as a\u00e7\u00f5es do Governo Federal em Pernambuco e falou da aten\u00e7\u00e3o especial que Lula e Dilma d\u00e3o ao Estado. &#8220;Quando foi presidente, Lula n\u00e3o esqueceu Pernambuco. Pelo contr\u00e1rio, foi o grande respons\u00e1vel por este processo de desenvolvimento que Pernambuco viveu nos \u00faltimos anos e mesmo no governo anterior ao de Eduardo Campos ele j\u00e1 dava demonstra\u00e7\u00f5es deste compromisso com Pernambuco. Foi assim quando conquistamos a refinaria numa disputa com outros estados do Nordeste. Foi assim quando garantiu as plantas petroqu\u00edmicas. Al\u00e9m da refinaria n\u00f3s temos mais tr\u00eas unidades petroqu\u00edmicas que, junto com a refinaria, representam um investimento de U$ 30 bilh\u00f5es. Este investimento corresponde a algo que se aproxima a 45% do PIB de Pernambuco&#8221;.<\/font><\/font><\/p>\n<p align=\"justify\"><font face=\"Arial\"><font size=\"3\">Ao fala sobre a instala\u00e7\u00e3o da FIAT na Mata Norte, Armando lembrou que o senador Humberto Costa foi relator do projeto que criou o regime automotivo do Nordeste, tamb\u00e9m por uma decis\u00e3o do presidente Lula. Ele tamb\u00e9m lembrou dos investimentos do governo federal no sistema vi\u00e1rio do estado, a exemplo da BR-232, da BR-408 e da Transnordestina. Armando alertou que os recursos para a obra de constru\u00e7\u00e3o da BR-104 (que beneficiar\u00e1 o polo t\u00eaxtil de Pernambuco) foi repassada pelo governo federal ao Governo do Estado, mas encontra-se cheia de problemas. &#8220;O dinheiro foi repassado e a obra est\u00e1 com problema, precisamos cobrar um esclarecimento ao DER&#8221;, afirmou.<\/font><\/font><\/p>\n<p align=\"justify\"><font size=\"3\"><font face=\"Arial Black\"><strong>Cr\u00e9dito da foto<\/strong>: Alexandre Albuquerque \/ Divulga\u00e7\u00e3o<\/font><\/font><\/p>\n<div style=\"margin-top: 0px; margin-bottom: 0px;\" class=\"sharethis-inline-share-buttons\" ><\/div>","protected":false},"excerpt":{"rendered":"<p>Na expectativa para a vinda do ex-presidente Lula ao Estado em abril, as lideran\u00e7as do PT e do PTB come\u00e7am a cumprir agendas conjuntas pelo interior, defendendo o legado das gest\u00f5es petistas no Brasil e em Pernambuco. Neste s\u00e1bado (15) eles andam na Zona da Mata, reafirmando que continuam a fazer parte de uma alian\u00e7a [&hellip;]<\/p>\n","protected":false},"author":1,"featured_media":0,"comment_status":"open","ping_status":"open","sticky":false,"template":"","format":"standard","meta":{"footnotes":""},"categories":[2],"tags":[],"class_list":["post-745","post","type-post","status-publish","format-standard","hentry","category-noticias-do-dia"],"_links":{"self":[{"href":"https:\/\/www.saloanoticias.com\/v1\/wp-json\/wp\/v2\/posts\/745","targetHints":{"allow":["GET"]}}],"collection":[{"href":"https:\/\/www.saloanoticias.com\/v1\/wp-json\/wp\/v2\/posts"}],"about":[{"href":"https:\/\/www.saloanoticias.com\/v1\/wp-json\/wp\/v2\/types\/post"}],"author":[{"embeddable":true,"href":"https:\/\/www.saloanoticias.com\/v1\/wp-json\/wp\/v2\/users\/1"}],"replies":[{"embeddable":true,"href":"https:\/\/www.saloanoticias.com\/v1\/wp-json\/wp\/v2\/comments?post=745"}],"version-history":[{"count":0,"href":"https:\/\/www.saloanoticias.com\/v1\/wp-json\/wp\/v2\/posts\/745\/revisions"}],"wp:attachment":[{"href":"https:\/\/www.saloanoticias.com\/v1\/wp-json\/wp\/v2\/media?parent=745"}],"wp:term":[{"taxonomy":"category","embeddable":true,"href":"https:\/\/www.saloanoticias.com\/v1\/wp-json\/wp\/v2\/categories?post=745"},{"taxonomy":"post_tag","embeddable":true,"href":"https:\/\/www.saloanoticias.com\/v1\/wp-json\/wp\/v2\/tags?post=745"}],"curies":[{"name":"wp","href":"https:\/\/api.w.org\/{rel}","templated":true}]}}