{"id":7446,"date":"2019-03-30T14:12:51","date_gmt":"2019-03-30T14:12:51","guid":{"rendered":"https:\/\/saloanoticias.com\/v1\/?p=7446"},"modified":"2019-03-30T14:28:22","modified_gmt":"2019-03-30T14:28:22","slug":"angustia-da-familia-de-ricardo-fernando-ja-dura-6-meses-ate-hoje-nada-de-informacoes-concretas","status":"publish","type":"post","link":"https:\/\/www.saloanoticias.com\/v1\/angustia-da-familia-de-ricardo-fernando-ja-dura-6-meses-ate-hoje-nada-de-informacoes-concretas\/","title":{"rendered":"ANG\u00daSTIA DA FAM\u00cdLIA DE RICARDO FERNANDO J\u00c1 DURA SEIS MESES"},"content":{"rendered":"<p><img loading=\"lazy\" decoding=\"async\" class=\"aligncenter wp-image-7447\" src=\"https:\/\/saloanoticias.com\/v1\/wp-content\/uploads\/2019\/03\/ricardo-desaparecido.jpeg\" alt=\"\" width=\"1241\" height=\"1078\" srcset=\"https:\/\/www.saloanoticias.com\/v1\/wp-content\/uploads\/2019\/03\/ricardo-desaparecido.jpeg 974w, https:\/\/www.saloanoticias.com\/v1\/wp-content\/uploads\/2019\/03\/ricardo-desaparecido-300x260.jpeg 300w, https:\/\/www.saloanoticias.com\/v1\/wp-content\/uploads\/2019\/03\/ricardo-desaparecido-768x666.jpeg 768w\" sizes=\"auto, (max-width: 1241px) 100vw, 1241px\" \/>Uma fam\u00edlia saloaense continua vivendo momentos de ang\u00fastia. \u00c9 que seu parente se encontra desaparecido e pede ajuda para divulgar esta not\u00edcia e contar com a solidariedade de todos. Estamos falando de Ricardo Fernando de Souza (Ricardo de Z\u00e9 Ricardo), de 69 anos, residente no s\u00edtio Santo Ant\u00f4nio, zona rural de Salo\u00e1\/PE, e os parentes pede a ajuda de toda popula\u00e7\u00e3o para encontr\u00e1-lo, o mesmo est\u00e1 desaparecido desde o dia 21 de setembro.<\/p>\n<p>De acordo com a fam\u00edlia, ele saiu dizendo que iria at\u00e9 o povoado Garcia na zona rural de \u00c1guas Belas\/PE para consertar uma tarrafa (rede de pesca), mas n\u00e3o apareceu e n\u00e3o deu not\u00edcias, desde ent\u00e3o. Ricardo estava com um casaco preto e bermuda em sua moto CG Honda (cabecinha de porco). Ainda pelas informa\u00e7\u00f5es, ele foi visto por volta das 14 horas no Garcia dizendo que iria para os Sem Terra, distante 20 km daquele local.<\/p>\n<p>Os familiares j\u00e1 empreenderam v\u00e1rias buscas, mas, sem sucesso at\u00e9 o momento. O desaparecido \u00e9 pai de Ricardo Segundo (Segundinho) que trabalha no setor de licita\u00e7\u00f5es da Prefeitura de Salo\u00e1 e primo do atual prefeito Ricardo Alves. Informa\u00e7\u00f5es ver\u00eddicas sobre o paradeiro do agricultor podem ser repassadas para os seguintes n\u00fameros: <strong>(87) 98101.0606 (Reda\u00e7\u00e3o do Blog Salo\u00e1 Not\u00edcias) \/ (87) 98178.1771 (Quiterinha \u2013 Irm\u00e3) \/ (87) 98134.1449 (Segundo \u2013 Filho).<\/strong><\/p>\n<div style=\"margin-top: 0px; margin-bottom: 0px;\" class=\"sharethis-inline-share-buttons\" ><\/div>","protected":false},"excerpt":{"rendered":"<p>Uma fam\u00edlia saloaense continua vivendo momentos de ang\u00fastia. \u00c9 que seu parente se encontra desaparecido e pede ajuda para divulgar esta not\u00edcia e contar com a solidariedade de todos. Estamos falando de Ricardo Fernando de Souza (Ricardo de Z\u00e9 Ricardo), de 69 anos, residente no s\u00edtio Santo Ant\u00f4nio, zona rural de Salo\u00e1\/PE, e os parentes [&hellip;]<\/p>\n","protected":false},"author":2,"featured_media":7447,"comment_status":"open","ping_status":"open","sticky":false,"template":"","format":"standard","meta":{"footnotes":""},"categories":[2],"tags":[],"class_list":["post-7446","post","type-post","status-publish","format-standard","has-post-thumbnail","hentry","category-noticias-do-dia"],"_links":{"self":[{"href":"https:\/\/www.saloanoticias.com\/v1\/wp-json\/wp\/v2\/posts\/7446","targetHints":{"allow":["GET"]}}],"collection":[{"href":"https:\/\/www.saloanoticias.com\/v1\/wp-json\/wp\/v2\/posts"}],"about":[{"href":"https:\/\/www.saloanoticias.com\/v1\/wp-json\/wp\/v2\/types\/post"}],"author":[{"embeddable":true,"href":"https:\/\/www.saloanoticias.com\/v1\/wp-json\/wp\/v2\/users\/2"}],"replies":[{"embeddable":true,"href":"https:\/\/www.saloanoticias.com\/v1\/wp-json\/wp\/v2\/comments?post=7446"}],"version-history":[{"count":5,"href":"https:\/\/www.saloanoticias.com\/v1\/wp-json\/wp\/v2\/posts\/7446\/revisions"}],"predecessor-version":[{"id":7452,"href":"https:\/\/www.saloanoticias.com\/v1\/wp-json\/wp\/v2\/posts\/7446\/revisions\/7452"}],"wp:featuredmedia":[{"embeddable":true,"href":"https:\/\/www.saloanoticias.com\/v1\/wp-json\/wp\/v2\/media\/7447"}],"wp:attachment":[{"href":"https:\/\/www.saloanoticias.com\/v1\/wp-json\/wp\/v2\/media?parent=7446"}],"wp:term":[{"taxonomy":"category","embeddable":true,"href":"https:\/\/www.saloanoticias.com\/v1\/wp-json\/wp\/v2\/categories?post=7446"},{"taxonomy":"post_tag","embeddable":true,"href":"https:\/\/www.saloanoticias.com\/v1\/wp-json\/wp\/v2\/tags?post=7446"}],"curies":[{"name":"wp","href":"https:\/\/api.w.org\/{rel}","templated":true}]}}