{"id":744,"date":"2014-03-17T11:00:00","date_gmt":"2014-03-17T11:00:00","guid":{"rendered":"https:\/\/saloanoticias.mrmediaweb.com\/v1\/2014\/03\/17\/uma-multidao-foi-se-despedir-de-azenildo\/"},"modified":"2014-03-17T11:00:00","modified_gmt":"2014-03-17T11:00:00","slug":"uma-multidao-foi-se-despedir-de-azenildo","status":"publish","type":"post","link":"https:\/\/www.saloanoticias.com\/v1\/uma-multidao-foi-se-despedir-de-azenildo\/","title":{"rendered":"UMA MULTID\u00c3O FOI SE DESPEDIR DE JOS\u00c9 AZENILDO"},"content":{"rendered":"<p align=\"justify\"><font size=\"3\" face=\"Arial\"><a href=\"http:\/\/www.saloanoticias.com\/images\/foto-39.jpg\"><img loading=\"lazy\" decoding=\"async\" title=\"foto (39)\" style=\"border-left-width: 0px; border-right-width: 0px; background-image: none; border-bottom-width: 0px; float: none; padding-top: 0px; padding-left: 0px; margin: 0px auto 10px; display: block; padding-right: 0px; border-top-width: 0px\" border=\"0\" alt=\"foto (39)\" src=\"http:\/\/www.saloanoticias.com\/v1\/wp-content\/uploads\/imagens\/foto-39_thumb.jpg\" width=\"556\" height=\"417\"><\/a>Uma verdadeira multid\u00e3o compareceu ao vel\u00f3rio e sepultamento de Jos\u00e9 Azenildo de Albuquerque (Ida) v\u00edtima de um infarto fulminante na madrugada deste domingo (16). A cerim\u00f4nia f\u00fanebre aconteceu na Igreja Adventista do S\u00e9timo Dia de Garanhuns\/PE, local onde o mesmo fazia parte da membresia. A emo\u00e7\u00e3o foi muito grande de todos os presentes, j\u00e1 que a morte de Azenildo foi uma grande surpresa para seus familiares e amigos. \u00c0s 17 horas em ponto o cortejo saiu da igreja e foi at\u00e9 o cemit\u00e9rio de S\u00e3o Miguel. Uma verdadeira multid\u00e3o lotou o templo da Adventista e dezenas de carros seguiram em fila at\u00e9 o cemit\u00e9rio. Destacamos a presen\u00e7a de muitos saloaenses que foram dar o \u00faltimo adeus ao conterr\u00e2neo.<\/font><\/p>\n<div style=\"margin-top: 0px; margin-bottom: 0px;\" class=\"sharethis-inline-share-buttons\" ><\/div>","protected":false},"excerpt":{"rendered":"<p>Uma verdadeira multid\u00e3o compareceu ao vel\u00f3rio e sepultamento de Jos\u00e9 Azenildo de Albuquerque (Ida) v\u00edtima de um infarto fulminante na madrugada deste domingo (16). A cerim\u00f4nia f\u00fanebre aconteceu na Igreja Adventista do S\u00e9timo Dia de Garanhuns\/PE, local onde o mesmo fazia parte da membresia. A emo\u00e7\u00e3o foi muito grande de todos os presentes, j\u00e1 que [&hellip;]<\/p>\n","protected":false},"author":1,"featured_media":0,"comment_status":"open","ping_status":"open","sticky":false,"template":"","format":"standard","meta":{"footnotes":""},"categories":[2],"tags":[],"class_list":["post-744","post","type-post","status-publish","format-standard","hentry","category-noticias-do-dia"],"_links":{"self":[{"href":"https:\/\/www.saloanoticias.com\/v1\/wp-json\/wp\/v2\/posts\/744","targetHints":{"allow":["GET"]}}],"collection":[{"href":"https:\/\/www.saloanoticias.com\/v1\/wp-json\/wp\/v2\/posts"}],"about":[{"href":"https:\/\/www.saloanoticias.com\/v1\/wp-json\/wp\/v2\/types\/post"}],"author":[{"embeddable":true,"href":"https:\/\/www.saloanoticias.com\/v1\/wp-json\/wp\/v2\/users\/1"}],"replies":[{"embeddable":true,"href":"https:\/\/www.saloanoticias.com\/v1\/wp-json\/wp\/v2\/comments?post=744"}],"version-history":[{"count":0,"href":"https:\/\/www.saloanoticias.com\/v1\/wp-json\/wp\/v2\/posts\/744\/revisions"}],"wp:attachment":[{"href":"https:\/\/www.saloanoticias.com\/v1\/wp-json\/wp\/v2\/media?parent=744"}],"wp:term":[{"taxonomy":"category","embeddable":true,"href":"https:\/\/www.saloanoticias.com\/v1\/wp-json\/wp\/v2\/categories?post=744"},{"taxonomy":"post_tag","embeddable":true,"href":"https:\/\/www.saloanoticias.com\/v1\/wp-json\/wp\/v2\/tags?post=744"}],"curies":[{"name":"wp","href":"https:\/\/api.w.org\/{rel}","templated":true}]}}