{"id":7429,"date":"2019-03-29T02:32:16","date_gmt":"2019-03-29T02:32:16","guid":{"rendered":"https:\/\/saloanoticias.com\/v1\/?p=7429"},"modified":"2019-03-29T02:36:07","modified_gmt":"2019-03-29T02:36:07","slug":"cci-e-secretaria-de-saude-de-saloa-promovem-palestra-sobre-saude-do-idoso","status":"publish","type":"post","link":"https:\/\/www.saloanoticias.com\/v1\/cci-e-secretaria-de-saude-de-saloa-promovem-palestra-sobre-saude-do-idoso\/","title":{"rendered":"SECRETARIA DE SA\u00daDE DE SALO\u00c1 PROMOVE PALESTRA SOBRE SA\u00daDE DO IDOSO"},"content":{"rendered":"<p><img loading=\"lazy\" decoding=\"async\" width=\"1280\" height=\"960\" class=\"aligncenter size-full wp-image-7430\" src=\"https:\/\/saloanoticias.com\/v1\/wp-content\/uploads\/2019\/03\/CCI-Palestra-saloa.jpeg\" alt=\"\" srcset=\"https:\/\/www.saloanoticias.com\/v1\/wp-content\/uploads\/2019\/03\/CCI-Palestra-saloa.jpeg 1280w, https:\/\/www.saloanoticias.com\/v1\/wp-content\/uploads\/2019\/03\/CCI-Palestra-saloa-300x225.jpeg 300w, https:\/\/www.saloanoticias.com\/v1\/wp-content\/uploads\/2019\/03\/CCI-Palestra-saloa-1024x768.jpeg 1024w, https:\/\/www.saloanoticias.com\/v1\/wp-content\/uploads\/2019\/03\/CCI-Palestra-saloa-768x576.jpeg 768w\" sizes=\"auto, (max-width: 1280px) 100vw, 1280px\" \/>A Prefeitura de Salo\u00e1, atrav\u00e9s do Centro de Conviv\u00eancia de Idosos e a Secretaria Municipal de Sa\u00fade realizaram na \u00faltima semana uma palestra com os idosos que frequentam a casa com o tema \u201cSa\u00fade do Idoso\u201d. A palestra foi ministrada pela Fonoaudi\u00f3loga do Munic\u00edpio, Thalita Morgan, que abordou pontos sobre a sa\u00fade da terceira idade, cuidados que eles devem ter, esclareceu d\u00favidas, um momento de muita import\u00e2ncia, porque saem de l\u00e1 com grandes informa\u00e7\u00f5es de preven\u00e7\u00e3o.<br \/>\nDe acordo com a nova Diretora do CCI, Cida Alves, em 2019 a casa trar\u00e1 muitas atividades para os idosos. \u201cOs idosos que frequentam o CCI participaram de muitas atividades, estamos montando um cronograma muito rico em atividades que muito beneficiar\u00e3o os nossos idosos\u201d, destacou Cida.<\/p>\n<div style=\"margin-top: 0px; margin-bottom: 0px;\" class=\"sharethis-inline-share-buttons\" ><\/div>","protected":false},"excerpt":{"rendered":"<p>A Prefeitura de Salo\u00e1, atrav\u00e9s do Centro de Conviv\u00eancia de Idosos e a Secretaria Municipal de Sa\u00fade realizaram na \u00faltima semana uma palestra com os idosos que frequentam a casa com o tema \u201cSa\u00fade do Idoso\u201d. A palestra foi ministrada pela Fonoaudi\u00f3loga do Munic\u00edpio, Thalita Morgan, que abordou pontos sobre a sa\u00fade da terceira idade, [&hellip;]<\/p>\n","protected":false},"author":2,"featured_media":7430,"comment_status":"open","ping_status":"open","sticky":false,"template":"","format":"standard","meta":{"footnotes":""},"categories":[2],"tags":[],"class_list":["post-7429","post","type-post","status-publish","format-standard","has-post-thumbnail","hentry","category-noticias-do-dia"],"_links":{"self":[{"href":"https:\/\/www.saloanoticias.com\/v1\/wp-json\/wp\/v2\/posts\/7429","targetHints":{"allow":["GET"]}}],"collection":[{"href":"https:\/\/www.saloanoticias.com\/v1\/wp-json\/wp\/v2\/posts"}],"about":[{"href":"https:\/\/www.saloanoticias.com\/v1\/wp-json\/wp\/v2\/types\/post"}],"author":[{"embeddable":true,"href":"https:\/\/www.saloanoticias.com\/v1\/wp-json\/wp\/v2\/users\/2"}],"replies":[{"embeddable":true,"href":"https:\/\/www.saloanoticias.com\/v1\/wp-json\/wp\/v2\/comments?post=7429"}],"version-history":[{"count":4,"href":"https:\/\/www.saloanoticias.com\/v1\/wp-json\/wp\/v2\/posts\/7429\/revisions"}],"predecessor-version":[{"id":7434,"href":"https:\/\/www.saloanoticias.com\/v1\/wp-json\/wp\/v2\/posts\/7429\/revisions\/7434"}],"wp:featuredmedia":[{"embeddable":true,"href":"https:\/\/www.saloanoticias.com\/v1\/wp-json\/wp\/v2\/media\/7430"}],"wp:attachment":[{"href":"https:\/\/www.saloanoticias.com\/v1\/wp-json\/wp\/v2\/media?parent=7429"}],"wp:term":[{"taxonomy":"category","embeddable":true,"href":"https:\/\/www.saloanoticias.com\/v1\/wp-json\/wp\/v2\/categories?post=7429"},{"taxonomy":"post_tag","embeddable":true,"href":"https:\/\/www.saloanoticias.com\/v1\/wp-json\/wp\/v2\/tags?post=7429"}],"curies":[{"name":"wp","href":"https:\/\/api.w.org\/{rel}","templated":true}]}}