{"id":742,"date":"2014-03-16T11:58:33","date_gmt":"2014-03-16T11:58:33","guid":{"rendered":"https:\/\/saloanoticias.mrmediaweb.com\/v1\/2014\/03\/16\/azenildo-conhecido-por-ida-de-hildo-morre-em-garanhuns\/"},"modified":"2014-03-16T11:58:33","modified_gmt":"2014-03-16T11:58:33","slug":"azenildo-conhecido-por-ida-de-hildo-morre-em-garanhuns","status":"publish","type":"post","link":"https:\/\/www.saloanoticias.com\/v1\/azenildo-conhecido-por-ida-de-hildo-morre-em-garanhuns\/","title":{"rendered":"AZENILDO, CONHECIDO POR IDA DE HILDO MORRE EM GARANHUNS"},"content":{"rendered":"<p align=\"justify\"><font size=\"3\" face=\"Arial\"><a href=\"http:\/\/www.saloanoticias.com\/images\/ida_4d878977dd056b440493ba819b8b2b4b.jpg\"><img loading=\"lazy\" decoding=\"async\" title=\"Ida\" style=\"border-top: 0px; border-right: 0px; background-image: none; border-bottom: 0px; float: left; padding-top: 0px; padding-left: 0px; margin: 5px 5px 0px 0px; border-left: 0px; display: inline; padding-right: 0px\" border=\"0\" alt=\"Ida\" src=\"http:\/\/www.saloanoticias.com\/v1\/wp-content\/uploads\/imagens\/ida_thumb_a643e71bbd80fad9736ef15099bcb6b4.jpg\" width=\"180\" align=\"left\" height=\"182\"><\/a>Salo\u00e1 acorda mais triste na manh\u00e3 deste domingo, 16 de mar\u00e7o de 2014, devido a morte do <strong><font face=\"Arial Black\">Sr. Jos\u00e9 Azenildo de Albuquerque<\/font><\/strong>, 53 anos de idade, mais conhecido por todos como <font face=\"Arial Black\">Ida de Hildo<\/font>. Pelas primeiras informa\u00e7\u00f5es repassadas \u00e0 reda\u00e7\u00e3o deste blog, Azenildo se sentiu mal durante a madruga em casa por conta de um infarto, foi socorrido mas n\u00e3o resistiu e veio a \u00f3bito. O corpo de Ida est\u00e1 sendo velado na Igreja Central da Adventista do S\u00e9timo Dia na Rua que desce para o centro da cidade nas proximidades do Supermercado Bonanza na Rua XV de Novembro em Garanhuns.<\/font><\/p>\n<p align=\"justify\"><font size=\"3\" face=\"Arial\">Ainda por estas informa\u00e7\u00f5es, o enterro acontecer\u00e1 \u00e0s 17 horas deste domingo no cemit\u00e9rio S\u00e3o Miguel de Garanhuns\/PE. Daqui a pouco postaremos mais informa\u00e7\u00f5es sobre lament\u00e1vel fato. <font size=\"3\" face=\"Arial\">Ida era uma pessoa muito querida em Salo\u00e1, participava ativamente dos movimentos da cidade, foi jogador e dirigente de futebol e tinha suas ra\u00edzes nesta terra. Lembramos que a prefeitura de Salo\u00e1 disponibilizou um \u00f4nibus para levar as pessoas que queiram participar do vel\u00f3rio, que sair\u00e1 \u00e0s 15 da Pra\u00e7a S\u00e3o Vicente.<\/font><\/font><\/p>\n<div style=\"margin-top: 0px; margin-bottom: 0px;\" class=\"sharethis-inline-share-buttons\" ><\/div>","protected":false},"excerpt":{"rendered":"<p>Salo\u00e1 acorda mais triste na manh\u00e3 deste domingo, 16 de mar\u00e7o de 2014, devido a morte do Sr. Jos\u00e9 Azenildo de Albuquerque, 53 anos de idade, mais conhecido por todos como Ida de Hildo. Pelas primeiras informa\u00e7\u00f5es repassadas \u00e0 reda\u00e7\u00e3o deste blog, Azenildo se sentiu mal durante a madruga em casa por conta de um [&hellip;]<\/p>\n","protected":false},"author":1,"featured_media":0,"comment_status":"open","ping_status":"open","sticky":false,"template":"","format":"standard","meta":{"footnotes":""},"categories":[2],"tags":[],"class_list":["post-742","post","type-post","status-publish","format-standard","hentry","category-noticias-do-dia"],"_links":{"self":[{"href":"https:\/\/www.saloanoticias.com\/v1\/wp-json\/wp\/v2\/posts\/742","targetHints":{"allow":["GET"]}}],"collection":[{"href":"https:\/\/www.saloanoticias.com\/v1\/wp-json\/wp\/v2\/posts"}],"about":[{"href":"https:\/\/www.saloanoticias.com\/v1\/wp-json\/wp\/v2\/types\/post"}],"author":[{"embeddable":true,"href":"https:\/\/www.saloanoticias.com\/v1\/wp-json\/wp\/v2\/users\/1"}],"replies":[{"embeddable":true,"href":"https:\/\/www.saloanoticias.com\/v1\/wp-json\/wp\/v2\/comments?post=742"}],"version-history":[{"count":0,"href":"https:\/\/www.saloanoticias.com\/v1\/wp-json\/wp\/v2\/posts\/742\/revisions"}],"wp:attachment":[{"href":"https:\/\/www.saloanoticias.com\/v1\/wp-json\/wp\/v2\/media?parent=742"}],"wp:term":[{"taxonomy":"category","embeddable":true,"href":"https:\/\/www.saloanoticias.com\/v1\/wp-json\/wp\/v2\/categories?post=742"},{"taxonomy":"post_tag","embeddable":true,"href":"https:\/\/www.saloanoticias.com\/v1\/wp-json\/wp\/v2\/tags?post=742"}],"curies":[{"name":"wp","href":"https:\/\/api.w.org\/{rel}","templated":true}]}}