{"id":7413,"date":"2019-03-27T00:19:58","date_gmt":"2019-03-27T00:19:58","guid":{"rendered":"https:\/\/saloanoticias.com\/v1\/?p=7413"},"modified":"2019-03-27T01:15:02","modified_gmt":"2019-03-27T01:15:02","slug":"em-saloa-equipes-realizam-acoes-de-combate-ao-aedes-aegypti","status":"publish","type":"post","link":"https:\/\/www.saloanoticias.com\/v1\/em-saloa-equipes-realizam-acoes-de-combate-ao-aedes-aegypti\/","title":{"rendered":"SALO\u00c1: EQUIPE DA SECRETARIA DE SA\u00daDE REALIZA A\u00c7\u00d5ES DE COMBATE A DENGUE"},"content":{"rendered":"<p><img loading=\"lazy\" decoding=\"async\" width=\"1600\" height=\"900\" class=\"aligncenter size-full wp-image-7414\" src=\"https:\/\/saloanoticias.com\/v1\/wp-content\/uploads\/2019\/03\/dengue-saloa-pe.jpg\" alt=\"\" srcset=\"https:\/\/www.saloanoticias.com\/v1\/wp-content\/uploads\/2019\/03\/dengue-saloa-pe.jpg 1600w, https:\/\/www.saloanoticias.com\/v1\/wp-content\/uploads\/2019\/03\/dengue-saloa-pe-300x169.jpg 300w, https:\/\/www.saloanoticias.com\/v1\/wp-content\/uploads\/2019\/03\/dengue-saloa-pe-1024x576.jpg 1024w, https:\/\/www.saloanoticias.com\/v1\/wp-content\/uploads\/2019\/03\/dengue-saloa-pe-768x432.jpg 768w, https:\/\/www.saloanoticias.com\/v1\/wp-content\/uploads\/2019\/03\/dengue-saloa-pe-1536x864.jpg 1536w\" sizes=\"auto, (max-width: 1600px) 100vw, 1600px\" \/>Para combater a Dengue e a febre Chikungunya, a Secretaria de Sa\u00fade de Salo\u00e1, por meio do Programa Municipal de Controle de Endemias, orienta a popula\u00e7\u00e3o sobre quais medidas devem ser adotadas para evitar a prolifera\u00e7\u00e3o do mosquito transmissor da doen\u00e7a, o A<em>edes Aegyti<\/em>. Al\u00e9m disso, o Governo Municipal realiza o tratamento nas resid\u00eancias, com aplica\u00e7\u00e3o do larvicida.<\/p>\n<p><img loading=\"lazy\" decoding=\"async\" width=\"1641\" height=\"806\" class=\"aligncenter size-full wp-image-7415\" src=\"https:\/\/saloanoticias.com\/v1\/wp-content\/uploads\/2019\/03\/dengue-saloa.png\" alt=\"\" srcset=\"https:\/\/www.saloanoticias.com\/v1\/wp-content\/uploads\/2019\/03\/dengue-saloa.png 1641w, https:\/\/www.saloanoticias.com\/v1\/wp-content\/uploads\/2019\/03\/dengue-saloa-300x147.png 300w, https:\/\/www.saloanoticias.com\/v1\/wp-content\/uploads\/2019\/03\/dengue-saloa-1024x503.png 1024w, https:\/\/www.saloanoticias.com\/v1\/wp-content\/uploads\/2019\/03\/dengue-saloa-768x377.png 768w, https:\/\/www.saloanoticias.com\/v1\/wp-content\/uploads\/2019\/03\/dengue-saloa-1536x754.png 1536w\" sizes=\"auto, (max-width: 1641px) 100vw, 1641px\" \/><\/p>\n<p>Durante a visita que normalmente ocorre entre 7h30 e 14h, o agente de endemias verifica se h\u00e1 algum ponto na resid\u00eancia que possa acumular \u00e1gua. Caso seja identificado, ele \u00e9 tratado com o larvicida. Ainda na visita, o morador esclarece as d\u00favidas sobre preven\u00e7\u00e3o e sintomas das doen\u00e7as.<\/p>\n<p>\u201cAinda encontramos, em alguns bairros, certa resist\u00eancia para entrar nas casas e n\u00e3o podemos for\u00e7ar o morador a nos receber. Por isso, \u00e9 sempre importante refor\u00e7ar para a popula\u00e7\u00e3o que ela nos receba, pois n\u00e3o adianta tratar uma casa e n\u00e3o tratar as casas dos vizinhos\u201d informou a agente de endemias, Paulo Lira.<\/p>\n<p>Paulo ainda explica que o programa municipal segue todo o protocolo do Minist\u00e9rio da Sa\u00fade. \u201c\u00c9 importante ressaltar que o larvicida leva at\u00e9 20 dias para eliminar a larva do mosquito. Por isso, a popula\u00e7\u00e3o deve ficar despreocupada quanto \u00e0 efic\u00e1cia do tratamento realizado em sua resid\u00eancia\u201d, esclareceu.<\/p>\n<div style=\"margin-top: 0px; margin-bottom: 0px;\" class=\"sharethis-inline-share-buttons\" ><\/div>","protected":false},"excerpt":{"rendered":"<p>Para combater a Dengue e a febre Chikungunya, a Secretaria de Sa\u00fade de Salo\u00e1, por meio do Programa Municipal de Controle de Endemias, orienta a popula\u00e7\u00e3o sobre quais medidas devem ser adotadas para evitar a prolifera\u00e7\u00e3o do mosquito transmissor da doen\u00e7a, o Aedes Aegyti. Al\u00e9m disso, o Governo Municipal realiza o tratamento nas resid\u00eancias, com [&hellip;]<\/p>\n","protected":false},"author":2,"featured_media":7414,"comment_status":"open","ping_status":"open","sticky":false,"template":"","format":"standard","meta":{"footnotes":""},"categories":[2],"tags":[],"class_list":["post-7413","post","type-post","status-publish","format-standard","has-post-thumbnail","hentry","category-noticias-do-dia"],"_links":{"self":[{"href":"https:\/\/www.saloanoticias.com\/v1\/wp-json\/wp\/v2\/posts\/7413","targetHints":{"allow":["GET"]}}],"collection":[{"href":"https:\/\/www.saloanoticias.com\/v1\/wp-json\/wp\/v2\/posts"}],"about":[{"href":"https:\/\/www.saloanoticias.com\/v1\/wp-json\/wp\/v2\/types\/post"}],"author":[{"embeddable":true,"href":"https:\/\/www.saloanoticias.com\/v1\/wp-json\/wp\/v2\/users\/2"}],"replies":[{"embeddable":true,"href":"https:\/\/www.saloanoticias.com\/v1\/wp-json\/wp\/v2\/comments?post=7413"}],"version-history":[{"count":6,"href":"https:\/\/www.saloanoticias.com\/v1\/wp-json\/wp\/v2\/posts\/7413\/revisions"}],"predecessor-version":[{"id":7418,"href":"https:\/\/www.saloanoticias.com\/v1\/wp-json\/wp\/v2\/posts\/7413\/revisions\/7418"}],"wp:featuredmedia":[{"embeddable":true,"href":"https:\/\/www.saloanoticias.com\/v1\/wp-json\/wp\/v2\/media\/7414"}],"wp:attachment":[{"href":"https:\/\/www.saloanoticias.com\/v1\/wp-json\/wp\/v2\/media?parent=7413"}],"wp:term":[{"taxonomy":"category","embeddable":true,"href":"https:\/\/www.saloanoticias.com\/v1\/wp-json\/wp\/v2\/categories?post=7413"},{"taxonomy":"post_tag","embeddable":true,"href":"https:\/\/www.saloanoticias.com\/v1\/wp-json\/wp\/v2\/tags?post=7413"}],"curies":[{"name":"wp","href":"https:\/\/api.w.org\/{rel}","templated":true}]}}