{"id":741,"date":"2014-03-15T22:14:09","date_gmt":"2014-03-15T22:14:09","guid":{"rendered":"https:\/\/saloanoticias.mrmediaweb.com\/v1\/2014\/03\/15\/aniversariantes-do-dia\/"},"modified":"2014-03-15T22:14:09","modified_gmt":"2014-03-15T22:14:09","slug":"aniversariantes-do-dia","status":"publish","type":"post","link":"https:\/\/www.saloanoticias.com\/v1\/aniversariantes-do-dia\/","title":{"rendered":"ANIVERSARIANTES DO DIA !"},"content":{"rendered":"<p align=\"justify\"><font size=\"3\" face=\"Arial\"><a href=\"http:\/\/www.saloanoticias.com\/images\/jacar.jpg\"><img loading=\"lazy\" decoding=\"async\" title=\"Jacar&eacute;\" style=\"border-top: 0px; border-right: 0px; background-image: none; border-bottom: 0px; float: none; padding-top: 0px; padding-left: 0px; margin: 0px auto 10px; border-left: 0px; display: block; padding-right: 0px\" border=\"0\" alt=\"Jacar&eacute;\" src=\"http:\/\/www.saloanoticias.com\/v1\/wp-content\/uploads\/imagens\/jacar_thumb.jpg\" width=\"462\" height=\"466\"><\/a>Hoje \u00e9 um dia bastante especial para dois saloaenses que s\u00e3o muito conhecidos por todos. Um deles \u00e9 Valtejan, mais conhecido por Valter de Zito ou do V\u00eddeo Game, que tamb\u00e9m \u00e9 um dos organizadores da famosa Trilha da Cachoeira de Salo\u00e1\/PE. O outro \u00e9 Marcos Fl\u00e1vio, que \u00e9 conhecido como Jacar\u00e9, que trabalha no setor de licita\u00e7\u00f5es da prefeitura municipal de Salo\u00e1. Ambos s\u00e3o merecedores da nossa lembran\u00e7a e desde j\u00e1, q<\/font><font size=\"3\" face=\"Arial\">ueremos congratular os aniversariantes com muita paz e sa\u00fade. E<\/font><font size=\"3\" face=\"Arial\">ssa \u00e9 uma simples homenagem de todos os que fazem o Blog Salo\u00e1 Not\u00edcias. Parab\u00e9ns e muitas felicidades !!!<a href=\"http:\/\/www.saloanoticias.com\/images\/valter_c40490606df468162ec2413ae1dd1916.jpg\"><img loading=\"lazy\" decoding=\"async\" title=\"Valter\" style=\"border-top: 0px; border-right: 0px; background-image: none; border-bottom: 0px; float: none; padding-top: 0px; padding-left: 0px; margin: 10px auto; border-left: 0px; display: block; padding-right: 0px\" border=\"0\" alt=\"Valter\" src=\"http:\/\/www.saloanoticias.com\/v1\/wp-content\/uploads\/imagens\/valter_thumb_fbc4ca0e32e6fa18e4c41a7b23f8557b.jpg\" width=\"451\" height=\"470\"><\/a><\/font><\/p>\n<div style=\"margin-top: 0px; margin-bottom: 0px;\" class=\"sharethis-inline-share-buttons\" ><\/div>","protected":false},"excerpt":{"rendered":"<p>Hoje \u00e9 um dia bastante especial para dois saloaenses que s\u00e3o muito conhecidos por todos. Um deles \u00e9 Valtejan, mais conhecido por Valter de Zito ou do V\u00eddeo Game, que tamb\u00e9m \u00e9 um dos organizadores da famosa Trilha da Cachoeira de Salo\u00e1\/PE. O outro \u00e9 Marcos Fl\u00e1vio, que \u00e9 conhecido como Jacar\u00e9, que trabalha no [&hellip;]<\/p>\n","protected":false},"author":1,"featured_media":0,"comment_status":"open","ping_status":"open","sticky":false,"template":"","format":"standard","meta":{"footnotes":""},"categories":[2],"tags":[],"class_list":["post-741","post","type-post","status-publish","format-standard","hentry","category-noticias-do-dia"],"_links":{"self":[{"href":"https:\/\/www.saloanoticias.com\/v1\/wp-json\/wp\/v2\/posts\/741","targetHints":{"allow":["GET"]}}],"collection":[{"href":"https:\/\/www.saloanoticias.com\/v1\/wp-json\/wp\/v2\/posts"}],"about":[{"href":"https:\/\/www.saloanoticias.com\/v1\/wp-json\/wp\/v2\/types\/post"}],"author":[{"embeddable":true,"href":"https:\/\/www.saloanoticias.com\/v1\/wp-json\/wp\/v2\/users\/1"}],"replies":[{"embeddable":true,"href":"https:\/\/www.saloanoticias.com\/v1\/wp-json\/wp\/v2\/comments?post=741"}],"version-history":[{"count":0,"href":"https:\/\/www.saloanoticias.com\/v1\/wp-json\/wp\/v2\/posts\/741\/revisions"}],"wp:attachment":[{"href":"https:\/\/www.saloanoticias.com\/v1\/wp-json\/wp\/v2\/media?parent=741"}],"wp:term":[{"taxonomy":"category","embeddable":true,"href":"https:\/\/www.saloanoticias.com\/v1\/wp-json\/wp\/v2\/categories?post=741"},{"taxonomy":"post_tag","embeddable":true,"href":"https:\/\/www.saloanoticias.com\/v1\/wp-json\/wp\/v2\/tags?post=741"}],"curies":[{"name":"wp","href":"https:\/\/api.w.org\/{rel}","templated":true}]}}