{"id":740,"date":"2014-03-15T10:32:14","date_gmt":"2014-03-15T10:32:14","guid":{"rendered":"https:\/\/saloanoticias.mrmediaweb.com\/v1\/2014\/03\/15\/parcerias-viabiliza-realizacao-de-cursos-profissionalizantes-em-aguas-belas\/"},"modified":"2014-03-15T10:32:14","modified_gmt":"2014-03-15T10:32:14","slug":"parcerias-viabiliza-realizacao-de-cursos-profissionalizantes-em-aguas-belas","status":"publish","type":"post","link":"https:\/\/www.saloanoticias.com\/v1\/parcerias-viabiliza-realizacao-de-cursos-profissionalizantes-em-aguas-belas\/","title":{"rendered":"PARCERIA PROPORCIONA REALIZA\u00c7\u00c3O DE CURSOS PROFISSIONALIZANTES EM \u00c1GUAS BELAS"},"content":{"rendered":"<p align=\"justify\"><font size=\"3\" face=\"Arial\"><a href=\"http:\/\/www.saloanoticias.com\/images\/ab.jpg\"><img loading=\"lazy\" decoding=\"async\" title=\"AB\" style=\"border-top: 0px; border-right: 0px; background-image: none; border-bottom: 0px; float: none; padding-top: 0px; padding-left: 0px; margin: 10px auto; border-left: 0px; display: block; padding-right: 0px\" border=\"0\" alt=\"AB\" src=\"http:\/\/www.saloanoticias.com\/v1\/wp-content\/uploads\/imagens\/ab_thumb.jpg\" width=\"540\" height=\"360\"><\/a>Numa a\u00e7\u00e3o conjunta com o Governo Federal, a Prefeitura de \u00c1guas Belas deu in\u00edcio as aulas do curso de Corte e Costura do Programa PRONATEC. A forma\u00e7\u00e3o de \u201cNovos Talentos\u201d visa a capacita\u00e7\u00e3o t\u00e9cnica de profissionais para atuar nas \u00e1reas de aptid\u00e3o econ\u00f4mica das regi\u00f5es que se encontram inseridas. O Curso ministrado por professores do SENAI vem beneficiando 40 cidad\u00e3os \u00e1guas-belenses, nos per\u00edodos manh\u00e3 e tarde e tem dura\u00e7\u00e3o de sessenta dias.<\/font><\/p>\n<p align=\"justify\"><a href=\"http:\/\/www.saloanoticias.com\/images\/ab2.jpg\"><img loading=\"lazy\" decoding=\"async\" title=\"AB2\" style=\"border-top: 0px; border-right: 0px; background-image: none; border-bottom: 0px; float: none; padding-top: 0px; padding-left: 0px; margin: 10px auto; border-left: 0px; display: block; padding-right: 0px\" border=\"0\" alt=\"AB2\" src=\"http:\/\/www.saloanoticias.com\/v1\/wp-content\/uploads\/imagens\/ab2_thumb.jpg\" width=\"541\" height=\"361\"><\/a><\/p>\n<p align=\"justify\"><font size=\"3\" face=\"Arial\">\u201cEsse Programa tem por objetivo aumentar as oportunidades educacionais aos trabalhadores de nossa Cidade por meio de cursos de forma\u00e7\u00e3o inicial e continuada e qualifica\u00e7\u00e3o profissional, interiorizando e democratizando a oferta de cursos a nossa popula\u00e7\u00e3o\u201d, apresentou o Prefeito Genivaldo Menezes Delgado (PT). O Programa Nacional de Acesso ao Ensino T\u00e9cnico e Emprego (PRONATEC) foi criado pelo Governo Federal, em 2011, com o objetivo de ampliar a oferta de cursos de educa\u00e7\u00e3o profissional e tecnol\u00f3gica.<\/font><\/p>\n<p align=\"justify\"><font size=\"3\" face=\"Arial Black\">Fonte&nbsp; &#8211;&nbsp; Ascom\/Prefeitura de \u00c1guas Belas<\/font><\/p>\n<div style=\"margin-top: 0px; margin-bottom: 0px;\" class=\"sharethis-inline-share-buttons\" ><\/div>","protected":false},"excerpt":{"rendered":"<p>Numa a\u00e7\u00e3o conjunta com o Governo Federal, a Prefeitura de \u00c1guas Belas deu in\u00edcio as aulas do curso de Corte e Costura do Programa PRONATEC. A forma\u00e7\u00e3o de \u201cNovos Talentos\u201d visa a capacita\u00e7\u00e3o t\u00e9cnica de profissionais para atuar nas \u00e1reas de aptid\u00e3o econ\u00f4mica das regi\u00f5es que se encontram inseridas. O Curso ministrado por professores do [&hellip;]<\/p>\n","protected":false},"author":1,"featured_media":0,"comment_status":"open","ping_status":"open","sticky":false,"template":"","format":"standard","meta":{"footnotes":""},"categories":[2],"tags":[],"class_list":["post-740","post","type-post","status-publish","format-standard","hentry","category-noticias-do-dia"],"_links":{"self":[{"href":"https:\/\/www.saloanoticias.com\/v1\/wp-json\/wp\/v2\/posts\/740","targetHints":{"allow":["GET"]}}],"collection":[{"href":"https:\/\/www.saloanoticias.com\/v1\/wp-json\/wp\/v2\/posts"}],"about":[{"href":"https:\/\/www.saloanoticias.com\/v1\/wp-json\/wp\/v2\/types\/post"}],"author":[{"embeddable":true,"href":"https:\/\/www.saloanoticias.com\/v1\/wp-json\/wp\/v2\/users\/1"}],"replies":[{"embeddable":true,"href":"https:\/\/www.saloanoticias.com\/v1\/wp-json\/wp\/v2\/comments?post=740"}],"version-history":[{"count":0,"href":"https:\/\/www.saloanoticias.com\/v1\/wp-json\/wp\/v2\/posts\/740\/revisions"}],"wp:attachment":[{"href":"https:\/\/www.saloanoticias.com\/v1\/wp-json\/wp\/v2\/media?parent=740"}],"wp:term":[{"taxonomy":"category","embeddable":true,"href":"https:\/\/www.saloanoticias.com\/v1\/wp-json\/wp\/v2\/categories?post=740"},{"taxonomy":"post_tag","embeddable":true,"href":"https:\/\/www.saloanoticias.com\/v1\/wp-json\/wp\/v2\/tags?post=740"}],"curies":[{"name":"wp","href":"https:\/\/api.w.org\/{rel}","templated":true}]}}