{"id":7398,"date":"2019-03-25T23:58:04","date_gmt":"2019-03-25T23:58:04","guid":{"rendered":"https:\/\/saloanoticias.com\/v1\/?p=7398"},"modified":"2019-03-26T00:10:15","modified_gmt":"2019-03-26T00:10:15","slug":"projeto-de-recuperacao-de-nascente-de-agua-e-realizado-em-saloa","status":"publish","type":"post","link":"https:\/\/www.saloanoticias.com\/v1\/projeto-de-recuperacao-de-nascente-de-agua-e-realizado-em-saloa\/","title":{"rendered":"PROJETO DE RECUPERA\u00c7\u00c3O DE NASCENTE DE \u00c1GUA \u00c9 REALIZADO EM SALO\u00c1"},"content":{"rendered":"<p><img loading=\"lazy\" decoding=\"async\" width=\"1600\" height=\"900\" class=\"aligncenter size-full wp-image-7399\" src=\"https:\/\/saloanoticias.com\/v1\/wp-content\/uploads\/2019\/03\/Nas.-5.jpg\" alt=\"\" srcset=\"https:\/\/www.saloanoticias.com\/v1\/wp-content\/uploads\/2019\/03\/Nas.-5.jpg 1600w, https:\/\/www.saloanoticias.com\/v1\/wp-content\/uploads\/2019\/03\/Nas.-5-300x169.jpg 300w, https:\/\/www.saloanoticias.com\/v1\/wp-content\/uploads\/2019\/03\/Nas.-5-1024x576.jpg 1024w, https:\/\/www.saloanoticias.com\/v1\/wp-content\/uploads\/2019\/03\/Nas.-5-768x432.jpg 768w, https:\/\/www.saloanoticias.com\/v1\/wp-content\/uploads\/2019\/03\/Nas.-5-1536x864.jpg 1536w\" sizes=\"auto, (max-width: 1600px) 100vw, 1600px\" \/>O Munic\u00edpio de Salo\u00e1 desde 2018 vem destacando-se em n\u00edvel Estadual e Nacional em rela\u00e7\u00e3o ao tratamento da \u00e1gua. E para garantir a preserva\u00e7\u00e3o deste recurso esgot\u00e1vel e tendo em vista a vital import\u00e2ncia da \u00e1gua de boa qualidade e a possibilidade de ocorrer a sua escassez em v\u00e1rias regi\u00f5es do planeta, faz-se necess\u00e1rio realizar a Revitaliza\u00e7\u00e3o das Nascentes do Munic\u00edpio, al\u00e9m do desenvolvimento de estrat\u00e9gias de preserva\u00e7\u00e3o das nascentes e atividades de educa\u00e7\u00e3o ambiental.<\/p>\n<p><img loading=\"lazy\" decoding=\"async\" width=\"1600\" height=\"900\" class=\"aligncenter size-full wp-image-7400\" src=\"https:\/\/saloanoticias.com\/v1\/wp-content\/uploads\/2019\/03\/Nas.-4.jpg\" alt=\"\" srcset=\"https:\/\/www.saloanoticias.com\/v1\/wp-content\/uploads\/2019\/03\/Nas.-4.jpg 1600w, https:\/\/www.saloanoticias.com\/v1\/wp-content\/uploads\/2019\/03\/Nas.-4-300x169.jpg 300w, https:\/\/www.saloanoticias.com\/v1\/wp-content\/uploads\/2019\/03\/Nas.-4-1024x576.jpg 1024w, https:\/\/www.saloanoticias.com\/v1\/wp-content\/uploads\/2019\/03\/Nas.-4-768x432.jpg 768w, https:\/\/www.saloanoticias.com\/v1\/wp-content\/uploads\/2019\/03\/Nas.-4-1536x864.jpg 1536w\" sizes=\"auto, (max-width: 1600px) 100vw, 1600px\" \/><\/p>\n<p>Na \u00faltima sexta-feira, (22\/03) as Secretarias Municipais de Sa\u00fade, Educa\u00e7\u00e3o e o grupo Juventude em A\u00e7\u00e3o de Iatec\u00e1 revitalizaram a Nascente do S\u00edtio Olho d\u2019\u00e1gua com esp\u00e9cies de plantas como ac\u00e1cia, ing\u00e1, yp\u00ea amarelo, entre outras que ajudar\u00e3o e s\u00e3o capazes de produzirem a menor perda poss\u00edvel por evapotranspira\u00e7\u00e3o, favorecendo, assim, o abastecimento do len\u00e7ol fre\u00e1tico respons\u00e1vel pela nascente.<\/p>\n<p><img loading=\"lazy\" decoding=\"async\" width=\"1600\" height=\"900\" class=\"aligncenter size-full wp-image-7401\" src=\"https:\/\/saloanoticias.com\/v1\/wp-content\/uploads\/2019\/03\/Nas.-3.jpg\" alt=\"\" srcset=\"https:\/\/www.saloanoticias.com\/v1\/wp-content\/uploads\/2019\/03\/Nas.-3.jpg 1600w, https:\/\/www.saloanoticias.com\/v1\/wp-content\/uploads\/2019\/03\/Nas.-3-300x169.jpg 300w, https:\/\/www.saloanoticias.com\/v1\/wp-content\/uploads\/2019\/03\/Nas.-3-1024x576.jpg 1024w, https:\/\/www.saloanoticias.com\/v1\/wp-content\/uploads\/2019\/03\/Nas.-3-768x432.jpg 768w, https:\/\/www.saloanoticias.com\/v1\/wp-content\/uploads\/2019\/03\/Nas.-3-1536x864.jpg 1536w\" sizes=\"auto, (max-width: 1600px) 100vw, 1600px\" \/><\/p>\n<p>De acordo com o coordenador do projeto, Andr\u00e9 Amaral, a iniciativa \u00e9 de extrema import\u00e2ncia, pois \u00e9 uma forma de garantir a revitaliza\u00e7\u00e3o das nascentes. \u201cQuando as nascentes encontram-se dentro de propriedades rurais, o produtor e comunidade local podem adotar medidas de prote\u00e7\u00e3o do solo e da vegeta\u00e7\u00e3o, a fim de garantir a prote\u00e7\u00e3o destas fontes d\u2019\u00e1gua; e o objetivo maior deste projeto \u00e9 revitalizar as nascentes do Munic\u00edpio e orientar sobre as melhores t\u00e9cnicas de recupera\u00e7\u00e3o e preserva\u00e7\u00e3o de acordo com a \u00e1rea degradada\u201d, destacou.<\/p>\n<p><img loading=\"lazy\" decoding=\"async\" width=\"1600\" height=\"900\" class=\"aligncenter size-full wp-image-7402\" src=\"https:\/\/saloanoticias.com\/v1\/wp-content\/uploads\/2019\/03\/Nas.-6.jpg\" alt=\"\" srcset=\"https:\/\/www.saloanoticias.com\/v1\/wp-content\/uploads\/2019\/03\/Nas.-6.jpg 1600w, https:\/\/www.saloanoticias.com\/v1\/wp-content\/uploads\/2019\/03\/Nas.-6-300x169.jpg 300w, https:\/\/www.saloanoticias.com\/v1\/wp-content\/uploads\/2019\/03\/Nas.-6-1024x576.jpg 1024w, https:\/\/www.saloanoticias.com\/v1\/wp-content\/uploads\/2019\/03\/Nas.-6-768x432.jpg 768w, https:\/\/www.saloanoticias.com\/v1\/wp-content\/uploads\/2019\/03\/Nas.-6-1536x864.jpg 1536w\" sizes=\"auto, (max-width: 1600px) 100vw, 1600px\" \/><\/p>\n<p>Portanto, al\u00e9m de reduzir o risco de escassez de \u00e1gua no meio rural, as medidas de recupera\u00e7\u00e3o, conserva\u00e7\u00e3o e manuten\u00e7\u00e3o de nascentes e demais corpos d\u2019\u00e1gua possibilitam a melhoria da qualidade da \u00e1gua, o controle de borrachudos, a preserva\u00e7\u00e3o da fauna e flora, al\u00e9m de evitar o assoreamento de rios e c\u00f3rregos.<\/p>\n<p><img loading=\"lazy\" decoding=\"async\" width=\"1600\" height=\"900\" class=\"aligncenter size-full wp-image-7405\" src=\"https:\/\/saloanoticias.com\/v1\/wp-content\/uploads\/2019\/03\/Nas.-7.jpg\" alt=\"\" srcset=\"https:\/\/www.saloanoticias.com\/v1\/wp-content\/uploads\/2019\/03\/Nas.-7.jpg 1600w, https:\/\/www.saloanoticias.com\/v1\/wp-content\/uploads\/2019\/03\/Nas.-7-300x169.jpg 300w, https:\/\/www.saloanoticias.com\/v1\/wp-content\/uploads\/2019\/03\/Nas.-7-1024x576.jpg 1024w, https:\/\/www.saloanoticias.com\/v1\/wp-content\/uploads\/2019\/03\/Nas.-7-768x432.jpg 768w, https:\/\/www.saloanoticias.com\/v1\/wp-content\/uploads\/2019\/03\/Nas.-7-1536x864.jpg 1536w\" sizes=\"auto, (max-width: 1600px) 100vw, 1600px\" \/><\/p>\n<p><img loading=\"lazy\" decoding=\"async\" width=\"1600\" height=\"900\" class=\"aligncenter size-full wp-image-7404\" src=\"https:\/\/saloanoticias.com\/v1\/wp-content\/uploads\/2019\/03\/Nas.-1.jpg\" alt=\"\" srcset=\"https:\/\/www.saloanoticias.com\/v1\/wp-content\/uploads\/2019\/03\/Nas.-1.jpg 1600w, https:\/\/www.saloanoticias.com\/v1\/wp-content\/uploads\/2019\/03\/Nas.-1-300x169.jpg 300w, https:\/\/www.saloanoticias.com\/v1\/wp-content\/uploads\/2019\/03\/Nas.-1-1024x576.jpg 1024w, https:\/\/www.saloanoticias.com\/v1\/wp-content\/uploads\/2019\/03\/Nas.-1-768x432.jpg 768w, https:\/\/www.saloanoticias.com\/v1\/wp-content\/uploads\/2019\/03\/Nas.-1-1536x864.jpg 1536w\" sizes=\"auto, (max-width: 1600px) 100vw, 1600px\" \/><\/p>\n<p><img loading=\"lazy\" decoding=\"async\" width=\"1600\" height=\"900\" class=\"aligncenter size-full wp-image-7403\" src=\"https:\/\/saloanoticias.com\/v1\/wp-content\/uploads\/2019\/03\/Nas.-2.jpg\" alt=\"\" srcset=\"https:\/\/www.saloanoticias.com\/v1\/wp-content\/uploads\/2019\/03\/Nas.-2.jpg 1600w, https:\/\/www.saloanoticias.com\/v1\/wp-content\/uploads\/2019\/03\/Nas.-2-300x169.jpg 300w, https:\/\/www.saloanoticias.com\/v1\/wp-content\/uploads\/2019\/03\/Nas.-2-1024x576.jpg 1024w, https:\/\/www.saloanoticias.com\/v1\/wp-content\/uploads\/2019\/03\/Nas.-2-768x432.jpg 768w, https:\/\/www.saloanoticias.com\/v1\/wp-content\/uploads\/2019\/03\/Nas.-2-1536x864.jpg 1536w\" sizes=\"auto, (max-width: 1600px) 100vw, 1600px\" \/><\/p>\n<div style=\"margin-top: 0px; margin-bottom: 0px;\" class=\"sharethis-inline-share-buttons\" ><\/div>","protected":false},"excerpt":{"rendered":"<p>O Munic\u00edpio de Salo\u00e1 desde 2018 vem destacando-se em n\u00edvel Estadual e Nacional em rela\u00e7\u00e3o ao tratamento da \u00e1gua. E para garantir a preserva\u00e7\u00e3o deste recurso esgot\u00e1vel e tendo em vista a vital import\u00e2ncia da \u00e1gua de boa qualidade e a possibilidade de ocorrer a sua escassez em v\u00e1rias regi\u00f5es do planeta, faz-se necess\u00e1rio realizar [&hellip;]<\/p>\n","protected":false},"author":2,"featured_media":7408,"comment_status":"open","ping_status":"open","sticky":false,"template":"","format":"standard","meta":{"footnotes":""},"categories":[2],"tags":[],"class_list":["post-7398","post","type-post","status-publish","format-standard","has-post-thumbnail","hentry","category-noticias-do-dia"],"_links":{"self":[{"href":"https:\/\/www.saloanoticias.com\/v1\/wp-json\/wp\/v2\/posts\/7398","targetHints":{"allow":["GET"]}}],"collection":[{"href":"https:\/\/www.saloanoticias.com\/v1\/wp-json\/wp\/v2\/posts"}],"about":[{"href":"https:\/\/www.saloanoticias.com\/v1\/wp-json\/wp\/v2\/types\/post"}],"author":[{"embeddable":true,"href":"https:\/\/www.saloanoticias.com\/v1\/wp-json\/wp\/v2\/users\/2"}],"replies":[{"embeddable":true,"href":"https:\/\/www.saloanoticias.com\/v1\/wp-json\/wp\/v2\/comments?post=7398"}],"version-history":[{"count":2,"href":"https:\/\/www.saloanoticias.com\/v1\/wp-json\/wp\/v2\/posts\/7398\/revisions"}],"predecessor-version":[{"id":7412,"href":"https:\/\/www.saloanoticias.com\/v1\/wp-json\/wp\/v2\/posts\/7398\/revisions\/7412"}],"wp:featuredmedia":[{"embeddable":true,"href":"https:\/\/www.saloanoticias.com\/v1\/wp-json\/wp\/v2\/media\/7408"}],"wp:attachment":[{"href":"https:\/\/www.saloanoticias.com\/v1\/wp-json\/wp\/v2\/media?parent=7398"}],"wp:term":[{"taxonomy":"category","embeddable":true,"href":"https:\/\/www.saloanoticias.com\/v1\/wp-json\/wp\/v2\/categories?post=7398"},{"taxonomy":"post_tag","embeddable":true,"href":"https:\/\/www.saloanoticias.com\/v1\/wp-json\/wp\/v2\/tags?post=7398"}],"curies":[{"name":"wp","href":"https:\/\/api.w.org\/{rel}","templated":true}]}}