{"id":7394,"date":"2019-03-25T23:48:15","date_gmt":"2019-03-25T23:48:15","guid":{"rendered":"https:\/\/saloanoticias.com\/v1\/?p=7394"},"modified":"2019-03-25T23:58:49","modified_gmt":"2019-03-25T23:58:49","slug":"depois-de-fortes-chuvas-prefeitura-de-saloa-inicia-recuperacao-de-estradas","status":"publish","type":"post","link":"https:\/\/www.saloanoticias.com\/v1\/depois-de-fortes-chuvas-prefeitura-de-saloa-inicia-recuperacao-de-estradas\/","title":{"rendered":"DEPOIS DE FORTES CHUVAS, PREFEITURA INICIA RECUPERA\u00c7\u00c3O DE ESTRADAS"},"content":{"rendered":"<p><img loading=\"lazy\" decoding=\"async\" width=\"1600\" height=\"900\" class=\"aligncenter size-full wp-image-7395\" src=\"https:\/\/saloanoticias.com\/v1\/wp-content\/uploads\/2019\/03\/saloa-chuvas.jpg\" alt=\"\" srcset=\"https:\/\/www.saloanoticias.com\/v1\/wp-content\/uploads\/2019\/03\/saloa-chuvas.jpg 1600w, https:\/\/www.saloanoticias.com\/v1\/wp-content\/uploads\/2019\/03\/saloa-chuvas-300x169.jpg 300w, https:\/\/www.saloanoticias.com\/v1\/wp-content\/uploads\/2019\/03\/saloa-chuvas-1024x576.jpg 1024w, https:\/\/www.saloanoticias.com\/v1\/wp-content\/uploads\/2019\/03\/saloa-chuvas-768x432.jpg 768w, https:\/\/www.saloanoticias.com\/v1\/wp-content\/uploads\/2019\/03\/saloa-chuvas-1536x864.jpg 1536w\" sizes=\"auto, (max-width: 1600px) 100vw, 1600px\" \/>A Prefeitura de Salo\u00e1\/PE, atrav\u00e9s da Secretaria de Infraestrutura e Servi\u00e7os est\u00e1 atuando diariamente na recupera\u00e7\u00e3o das estradas do munic\u00edpio. Ap\u00f3s as fortes chuvas ocorridas nos \u00faltimos dias, os trabalhos est\u00e3o concentrados em a\u00e7\u00f5es de patrolamento e aterramento de trechos cr\u00edticos onde o are\u00e3o e o barro t\u00eam provocado atolamento. Tamb\u00e9m foram realizadas limpezas das passagens molhadas de algumas localidades. O Secret\u00e1rio informa e pede a popula\u00e7\u00e3o compreens\u00e3o durante esses dias, devido algumas estradas estar em estado mais cr\u00edtico ser\u00e3o recuperadas primeiros, mas que em breve todas estar\u00e3o recuperadas, assim o tr\u00e1fego volta a sua normalidade.<\/p>\n<p>\u201cEstamos trabalhando no sentido de oferecer condi\u00e7\u00f5es para que os produtores, moradores e alunos que utilizam as estradas do interior do munic\u00edpio tenham mais seguran\u00e7a e conforto para trafegarem. Atrav\u00e9s da uni\u00e3o dos setores, estamos trabalhando sem parar na recupera\u00e7\u00e3o dessas vias, que s\u00e3o de muita import\u00e2ncia para munic\u00edpio\u201d, destaca Marcos Aur\u00e9lio (Maruim).<\/p>\n<div style=\"margin-top: 0px; margin-bottom: 0px;\" class=\"sharethis-inline-share-buttons\" ><\/div>","protected":false},"excerpt":{"rendered":"<p>A Prefeitura de Salo\u00e1\/PE, atrav\u00e9s da Secretaria de Infraestrutura e Servi\u00e7os est\u00e1 atuando diariamente na recupera\u00e7\u00e3o das estradas do munic\u00edpio. Ap\u00f3s as fortes chuvas ocorridas nos \u00faltimos dias, os trabalhos est\u00e3o concentrados em a\u00e7\u00f5es de patrolamento e aterramento de trechos cr\u00edticos onde o are\u00e3o e o barro t\u00eam provocado atolamento. Tamb\u00e9m foram realizadas limpezas das [&hellip;]<\/p>\n","protected":false},"author":2,"featured_media":7397,"comment_status":"open","ping_status":"open","sticky":false,"template":"","format":"standard","meta":{"footnotes":""},"categories":[2],"tags":[],"class_list":["post-7394","post","type-post","status-publish","format-standard","has-post-thumbnail","hentry","category-noticias-do-dia"],"_links":{"self":[{"href":"https:\/\/www.saloanoticias.com\/v1\/wp-json\/wp\/v2\/posts\/7394","targetHints":{"allow":["GET"]}}],"collection":[{"href":"https:\/\/www.saloanoticias.com\/v1\/wp-json\/wp\/v2\/posts"}],"about":[{"href":"https:\/\/www.saloanoticias.com\/v1\/wp-json\/wp\/v2\/types\/post"}],"author":[{"embeddable":true,"href":"https:\/\/www.saloanoticias.com\/v1\/wp-json\/wp\/v2\/users\/2"}],"replies":[{"embeddable":true,"href":"https:\/\/www.saloanoticias.com\/v1\/wp-json\/wp\/v2\/comments?post=7394"}],"version-history":[{"count":2,"href":"https:\/\/www.saloanoticias.com\/v1\/wp-json\/wp\/v2\/posts\/7394\/revisions"}],"predecessor-version":[{"id":7407,"href":"https:\/\/www.saloanoticias.com\/v1\/wp-json\/wp\/v2\/posts\/7394\/revisions\/7407"}],"wp:featuredmedia":[{"embeddable":true,"href":"https:\/\/www.saloanoticias.com\/v1\/wp-json\/wp\/v2\/media\/7397"}],"wp:attachment":[{"href":"https:\/\/www.saloanoticias.com\/v1\/wp-json\/wp\/v2\/media?parent=7394"}],"wp:term":[{"taxonomy":"category","embeddable":true,"href":"https:\/\/www.saloanoticias.com\/v1\/wp-json\/wp\/v2\/categories?post=7394"},{"taxonomy":"post_tag","embeddable":true,"href":"https:\/\/www.saloanoticias.com\/v1\/wp-json\/wp\/v2\/tags?post=7394"}],"curies":[{"name":"wp","href":"https:\/\/api.w.org\/{rel}","templated":true}]}}